{"id":9716,"date":"2025-05-22T18:58:26","date_gmt":"2025-05-22T21:58:26","guid":{"rendered":"https:\/\/www.sphereit.com.br\/?p=9716"},"modified":"2025-05-22T19:49:40","modified_gmt":"2025-05-22T22:49:40","slug":"responsabilidade-e-autonomia","status":"publish","type":"post","link":"https:\/\/www.sphereit.com.br\/pt_br\/news\/responsabilidade-e-autonomia\/","title":{"rendered":"Responsabilidade e Autonomia: quando cada decis\u00e3o conta!"},"content":{"rendered":"[et_pb_section fb_built=&#8221;1&#8243; custom_padding_last_edited=&#8221;on|phone&#8221; admin_label=&#8221;Header &#8211; N\u00c3O EDITAR&#8221; _builder_version=&#8221;4.16&#8243; use_background_color_gradient=&#8221;on&#8221; background_color_gradient_type=&#8221;circular&#8221; background_color_gradient_stops=&#8221;#004183 0%|#001f4c 100%&#8221; background_color_gradient_start=&#8221;#004183&#8243; background_color_gradient_end=&#8221;#001f4c&#8221; background_image=&#8221;https:\/\/www.sphereit.com.br\/wp-content\/uploads\/2020\/06\/cyber-security-18.png&#8221; parallax=&#8221;on&#8221; custom_padding=&#8221;10vw||64px|||&#8221; custom_padding_tablet=&#8221;&#8221; custom_padding_phone=&#8221;23vw||64px||false|false&#8221; bottom_divider_style=&#8221;slant&#8221; bottom_divider_color=&#8221;#f1fafe&#8221; bottom_divider_height=&#8221;40px&#8221; bottom_divider_flip=&#8221;vertical&#8221; da_disable_devices=&#8221;off|off|off&#8221; locked=&#8221;off&#8221; global_colors_info=&#8221;{}&#8221; da_is_popup=&#8221;off&#8221; da_exit_intent=&#8221;off&#8221; da_has_close=&#8221;on&#8221; da_alt_close=&#8221;off&#8221; da_dark_close=&#8221;off&#8221; da_not_modal=&#8221;on&#8221; da_is_singular=&#8221;off&#8221; da_with_loader=&#8221;off&#8221; da_has_shadow=&#8221;on&#8221;][et_pb_row _builder_version=&#8221;4.16&#8243; z_index=&#8221;1&#8243; custom_margin=&#8221;-104px|auto||auto||&#8221; global_colors_info=&#8221;{}&#8221;][et_pb_column type=&#8221;4_4&#8243; _builder_version=&#8221;4.16&#8243; global_colors_info=&#8221;{}&#8221;][et_pb_post_title author=&#8221;off&#8221; date_format=&#8221;d\/m\/Y&#8221; comments=&#8221;off&#8221; featured_image=&#8221;off&#8221; _builder_version=&#8221;4.27.4&#8243; title_font=&#8221;eurostile|700||on|||||&#8221; title_text_align=&#8221;center&#8221; title_text_color=&#8221;#ffffff&#8221; title_font_size=&#8221;37px&#8221; title_letter_spacing=&#8221;1px&#8221; title_line_height=&#8221;1.3em&#8221; meta_font=&#8221;||||||||&#8221; meta_text_align=&#8221;center&#8221; meta_text_color=&#8221;#ffffff&#8221; meta_font_size=&#8221;18px&#8221; text_orientation=&#8221;center&#8221; global_colors_info=&#8221;{}&#8221;][\/et_pb_post_title][\/et_pb_column][\/et_pb_row][\/et_pb_section][et_pb_section fb_built=&#8221;1&#8243; admin_label=&#8221;EDITAR AQUI&#8221; _builder_version=&#8221;4.17.4&#8243; background_color=&#8221;#f1fafe&#8221; z_index=&#8221;10&#8243; custom_padding=&#8221;54px|||||&#8221; bottom_divider_height=&#8221;26vw&#8221; bottom_divider_flip=&#8221;horizontal&#8221; da_disable_devices=&#8221;off|off|off&#8221; locked=&#8221;off&#8221; global_colors_info=&#8221;{}&#8221; da_is_popup=&#8221;off&#8221; da_exit_intent=&#8221;off&#8221; da_has_close=&#8221;on&#8221; da_alt_close=&#8221;off&#8221; da_dark_close=&#8221;off&#8221; da_not_modal=&#8221;on&#8221; da_is_singular=&#8221;off&#8221; da_with_loader=&#8221;off&#8221; da_has_shadow=&#8221;on&#8221;][et_pb_row _builder_version=&#8221;4.17.4&#8243; custom_padding=&#8221;9px|||0px||&#8221; global_colors_info=&#8221;{}&#8221;][et_pb_column type=&#8221;4_4&#8243; _builder_version=&#8221;4.16&#8243; global_colors_info=&#8221;{}&#8221;][et_pb_text admin_label=&#8221;Texto&#8221; _builder_version=&#8221;4.27.4&#8243; text_font=&#8221;eurostile||||||||&#8221; text_text_color=&#8221;#4C4832&#8243; text_font_size=&#8221;16px&#8221; text_orientation=&#8221;justified&#8221; width=&#8221;100%&#8221; custom_padding=&#8221;||75px|||&#8221; inline_fonts=&#8221;eurostile&#8221; global_colors_info=&#8221;{}&#8221;]\n<p style=\"text-align: justify;\"><img decoding=\"async\" src=\"https:\/\/www.sphereit.com.br\/wp-content\/uploads\/2025\/05\/BANNER-SITE-1200X550px-scaled.jpg\" width=\"2560\" height=\"1174\" alt=\"\" class=\"wp-image-9721 alignnone size-full\" srcset=\"https:\/\/www.sphereit.com.br\/wp-content\/uploads\/2025\/05\/BANNER-SITE-1200X550px-scaled.jpg 2560w, https:\/\/www.sphereit.com.br\/wp-content\/uploads\/2025\/05\/BANNER-SITE-1200X550px-1280x587.jpg 1280w, https:\/\/www.sphereit.com.br\/wp-content\/uploads\/2025\/05\/BANNER-SITE-1200X550px-980x449.jpg 980w, https:\/\/www.sphereit.com.br\/wp-content\/uploads\/2025\/05\/BANNER-SITE-1200X550px-480x220.jpg 480w\" sizes=\"(min-width: 0px) and (max-width: 480px) 480px, (min-width: 481px) and (max-width: 980px) 980px, (min-width: 981px) and (max-width: 1280px) 1280px, (min-width: 1281px) 2560px, 100vw\" \/><\/p>\n<h1><\/h1>\n<p>&nbsp;<\/p>\n<h1 style=\"text-align: left;\"><span style=\"font-family: eurostile; font-weight: normal;\">Construir um ambiente de confian\u00e7a come\u00e7a com atitudes individuais. No mundo corporativo, quando todos agem com responsabilidade e autonomia, criam-se rela\u00e7\u00f5es mais fortes, processos mais eficazes e empresas mais respeitadas.<\/span><\/h1>\n<p>&nbsp;<\/p>\n<p>&nbsp;<\/p>\n<h3>Assumir responsabilidades: t\u00e3o essencial quanto dif\u00edcil<\/h3>\n<p>&nbsp;<\/p>\n<p>Em um mundo marcado pela agilidade e pela transforma\u00e7\u00e3o, ganham cada vez mais espa\u00e7o nas pr\u00e1ticas empresariais a responsabilidade e autonomia. Mais do que conceitos te\u00f3ricos, essas atitudes moldam o dia a dia de equipes, influenciam os resultados dos neg\u00f3cios e definem como a empresa \u00e9 percebida por seus colaboradores e por seus clientes.<\/p>\n<p>Para os colaboradores, compreender e praticar esses valores \u00e9 essencial. Ser respons\u00e1vel pelas pr\u00f3prias decis\u00f5es e resultados significa ter consci\u00eancia do impacto das pr\u00f3prias a\u00e7\u00f5es, reconhecendo erros, propondo solu\u00e7\u00f5es e mantendo o compromisso com a entrega. A autonomia, por sua vez, impulsiona a iniciativa, a solu\u00e7\u00e3o de desafios com agilidade, sem a depend\u00eancia constante de ordens ou aprova\u00e7\u00f5es. Quando bem equilibradas, responsabilidade e autonomia criam um ambiente de trabalho eficiente e baseado na confian\u00e7a rec\u00edproca.<\/p>\n<p>Para os clientes, parceiros e fornecedores, essa cultura interna se reflete na forma como a empresa se relaciona com o mercado. Profissionais confi\u00e1veis, comprometidos e capazes de tomar decis\u00f5es com conhecimento e discernimento s\u00e3o a base de rela\u00e7\u00f5es comerciais duradouras e de entregas conduzidas com seriedade, respeito e clareza.<\/p>\n<p>Naturalmente, esses valores tamb\u00e9m envolvem riscos. A autonomia sem responsabilidade pode gerar decis\u00f5es desalinhadas ou precipitadas. Por outro lado, o excesso de depend\u00eancia e a falta de iniciativa podem comprometer prazos e inibir o crescimento.<\/p>\n<p>A dificuldade de se assumir um erro, muitas vezes, est\u00e1 ligada \u00e0 inseguran\u00e7a e ao medo de julgamento, esquecendo que errar tamb\u00e9m faz parte do amadurecimento. Assumir um erro diante de terceiros \u00e9 oportunidade de exemplo para que a atitude seja aprovada e inserida na rotina, promovendo no grupo respeito m\u00fatuo e maior integra\u00e7\u00e3o.<\/p>\n<p>Importante lembrar que responsabilidade e autonomia n\u00e3o s\u00e3o apenas diretrizes internas: s\u00e3o a base da confian\u00e7a que constru\u00edmos diariamente no ambiente de trabalho, comprometidos com uma cultura que valoriza o protagonismo, a \u00e9tica e a transpar\u00eancia em cada rela\u00e7\u00e3o cultivada dentro e fora da empresa. Por isso, investir em cultura, capacita\u00e7\u00e3o e di\u00e1logo constante \u00e9 essencial. Quando cada colaborador entende seu papel e respeita o do outro, eventuais culpas deixam de ser terceirizadas e a empresa como um todo se fortalece.<\/p>\n[\/et_pb_text][\/et_pb_column][\/et_pb_row][\/et_pb_section][et_pb_section fb_built=&#8221;1&#8243; disabled_on=&#8221;off|off|off&#8221; admin_label=&#8221;Footer&#8221; _builder_version=&#8221;4.27.4&#8243; background_color=&#8221;RGBA(255,255,255,0)&#8221; use_background_color_gradient=&#8221;on&#8221; background_color_gradient_type=&#8221;circular&#8221; background_color_gradient_direction_radial=&#8221;top right&#8221; background_color_gradient_stops=&#8221;#004183 42%|#001f4c 100%&#8221; background_color_gradient_start=&#8221;#004183&#8243; background_color_gradient_start_position=&#8221;42%&#8221; background_color_gradient_end=&#8221;#001f4c&#8221; background_image=&#8221;https:\/\/www.sphereit.com.br\/wp-content\/uploads\/2025\/05\/banne2r-site_sphere-scaled.jpg&#8221; z_index=&#8221;10&#8243; min_height=&#8221;545px&#8221; height=&#8221;446px&#8221; overflow-x=&#8221;visible&#8221; overflow-y=&#8221;visible&#8221; custom_margin=&#8221;-2px||-2px||true|false&#8221; custom_padding=&#8221;||0vw||false|false&#8221; background_color_gradient_stops_tablet=&#8221;#004183 42%|#001f4c 100%&#8221; background_color_gradient_stops_phone=&#8221;#004183 42%|#001f4c 100%&#8221; da_disable_devices=&#8221;off|off|off&#8221; global_module=&#8221;215&#8243; locked=&#8221;off&#8221; global_colors_info=&#8221;{}&#8221; da_is_popup=&#8221;off&#8221; da_exit_intent=&#8221;off&#8221; da_has_close=&#8221;on&#8221; da_alt_close=&#8221;off&#8221; da_dark_close=&#8221;off&#8221; da_not_modal=&#8221;on&#8221; da_is_singular=&#8221;off&#8221; da_with_loader=&#8221;off&#8221; da_has_shadow=&#8221;on&#8221;][et_pb_row make_equal=&#8221;on&#8221; disabled_on=&#8221;on|on|off&#8221; _builder_version=&#8221;4.27.4&#8243; background_color=&#8221;RGBA(255,255,255,0)&#8221; min_height=&#8221;421px&#8221; custom_margin=&#8221;-50px|auto|-2px|auto|false|false&#8221; custom_padding=&#8221;0px||0px||true&#8221; border_radii=&#8221;on|10px|10px|10px|10px&#8221; border_color_all=&#8221;RGBA(255,255,255,0)&#8221; box_shadow_style=&#8221;preset1&#8243; box_shadow_vertical=&#8221;40px&#8221; box_shadow_blur=&#8221;60px&#8221; box_shadow_spread=&#8221;-8px&#8221; box_shadow_color=&#8221;rgba(10,45,97,0.48)&#8221; saved_tabs=&#8221;all&#8221; locked=&#8221;off&#8221; global_colors_info=&#8221;{}&#8221;][et_pb_column type=&#8221;4_4&#8243; _builder_version=&#8221;4.16&#8243; custom_padding=&#8221;60px|40px|60px|40px|true|true&#8221; global_colors_info=&#8221;{}&#8221;][et_pb_text admin_label=&#8221;Texto&#8221; _builder_version=&#8221;4.27.4&#8243; text_font=&#8221;||||||||&#8221; header_2_font=&#8221;eurostile|900|||||||&#8221; header_2_font_size=&#8221;56px&#8221; header_2_line_height=&#8221;1.1em&#8221; text_orientation=&#8221;center&#8221; width=&#8221;100%&#8221; custom_margin_tablet=&#8221;&#8221; custom_margin_phone=&#8221;-40px||7px||false|false&#8221; custom_margin_last_edited=&#8221;on|phone&#8221; header_2_font_size_tablet=&#8221;38px&#8221; header_2_font_size_phone=&#8221;26px&#8221; header_2_font_size_last_edited=&#8221;on|desktop&#8221; text_text_align=&#8221;center&#8221; locked=&#8221;off&#8221; inline_fonts=&#8221;eurostile&#8221; global_colors_info=&#8221;{}&#8221;]\n<h1 style=\"text-align: left;\"><span style=\"color: #ffffff; font-family: eurostile; font-weight: normal;\">Fale com nossa equipe<\/span><\/h1>\n[\/et_pb_text][et_pb_blurb title=&#8221;sphere@sphereit.com.br&#8221; use_icon=&#8221;on&#8221; font_icon=&#8221;&#xf0e0;||fa||900&#8243; icon_color=&#8221;#FFFFFF&#8221; icon_placement=&#8221;left&#8221; image_icon_width=&#8221;24px&#8221; _builder_version=&#8221;4.27.4&#8243; header_font=&#8221;Overpass|500|||||||&#8221; header_text_align=&#8221;left&#8221; header_text_color=&#8221;#FFFFFF&#8221; header_font_size=&#8221;18px&#8221; header_line_height=&#8221;1.4em&#8221; body_font=&#8221;Overpass|300|||||||&#8221; body_text_align=&#8221;left&#8221; body_line_height=&#8221;1.8em&#8221; transform_translate=&#8221;-231px|-10px&#8221; module_alignment=&#8221;left&#8221; custom_margin=&#8221;||0px|0px|false|false&#8221; icon_font_size=&#8221;24px&#8221; locked=&#8221;off&#8221; global_colors_info=&#8221;{}&#8221;][\/et_pb_blurb][et_pb_blurb title=&#8221;Rua Jos\u00e9 Versolato, 111 &#8211; 18\u00ba Andar \u2013 S\u00e3o Bernardo do Campo&#8221; use_icon=&#8221;on&#8221; font_icon=&#8221;&#xe081;||divi||400&#8243; icon_color=&#8221;#FFFFFF&#8221; icon_placement=&#8221;left&#8221; image_icon_width=&#8221;24px&#8221; _builder_version=&#8221;4.27.4&#8243; header_font=&#8221;Overpass|500|||||||&#8221; header_text_align=&#8221;left&#8221; header_text_color=&#8221;#FFFFFF&#8221; header_font_size=&#8221;18px&#8221; header_line_height=&#8221;1.4em&#8221; body_font=&#8221;Overpass|300|||||||&#8221; body_text_align=&#8221;left&#8221; body_line_height=&#8221;1.8em&#8221; transform_translate=&#8221;-231px|-10px&#8221; module_alignment=&#8221;left&#8221; custom_margin=&#8221;||0px|0px|false|false&#8221; icon_font_size=&#8221;24px&#8221; locked=&#8221;off&#8221; global_colors_info=&#8221;{}&#8221;][\/et_pb_blurb][et_pb_social_media_follow icon_color=&#8221;#FFFFFF&#8221; _builder_version=&#8221;4.27.4&#8243; custom_margin=&#8221;100px||||false|false&#8221; global_colors_info=&#8221;{}&#8221;][et_pb_social_media_follow_network social_network=&#8221;linkedin&#8221; url=&#8221;https:\/\/www.linkedin.com\/company\/sphere-it-solutions\/&#8221; icon_color=&#8221;#004183&#8243; _builder_version=&#8221;4.27.4&#8243; background_color=&#8221;#FFFFFF&#8221; background_enable_color=&#8221;on&#8221; border_radii=&#8221;on|22px|22px|22px|22px&#8221; border_width_all=&#8221;2px&#8221; border_color_all=&#8221;RGBA(255,255,255,0)&#8221; global_colors_info=&#8221;{}&#8221; follow_button=&#8221;off&#8221; url_new_window=&#8221;on&#8221;]linkedin[\/et_pb_social_media_follow_network][et_pb_social_media_follow_network social_network=&#8221;facebook&#8221; url=&#8221;https:\/\/www.facebook.com\/sphereitsolutions&#8221; icon_color=&#8221;#004183&#8243; _builder_version=&#8221;4.27.4&#8243; background_color=&#8221;#FFFFFF&#8221; background_enable_color=&#8221;on&#8221; border_radii=&#8221;on|22px|22px|22px|22px&#8221; border_width_all=&#8221;2px&#8221; border_color_all=&#8221;RGBA(255,255,255,0)&#8221; global_colors_info=&#8221;{}&#8221; follow_button=&#8221;off&#8221; url_new_window=&#8221;on&#8221;]facebook[\/et_pb_social_media_follow_network][\/et_pb_social_media_follow][\/et_pb_column][\/et_pb_row][\/et_pb_section]\n","protected":false},"excerpt":{"rendered":"<p>Construir um ambiente de confian\u00e7a no mundo corporativo come\u00e7a com atitudes individuais pautadas em responsabilidade e autonomia. Esses pilares impactam diretamente a cultura organizacional, fortalecendo equipes e promovendo rela\u00e7\u00f5es mais \u00e9ticas e sustent\u00e1veis<\/p>\n","protected":false},"author":5,"featured_media":9726,"comment_status":"closed","ping_status":"closed","sticky":false,"template":"","format":"standard","meta":{"_et_pb_use_builder":"on","_et_pb_old_content":"","_et_gb_content_width":"","footnotes":""},"categories":[13],"tags":[46],"class_list":["post-9716","post","type-post","status-publish","format-standard","has-post-thumbnail","hentry","category-news","tag-comunicacao"],"yoast_head":"<!-- This site is optimized with the Yoast SEO plugin v27.5 - https:\/\/yoast.com\/product\/yoast-seo-wordpress\/ -->\n<title>Responsabilidade e Autonomia: quando cada decis\u00e3o conta!<\/title>\n<meta name=\"description\" content=\"Responsabilidade e autonomia constroem a confian\u00e7a no trabalho. Saiba como esses valores fortalecem equipes e melhoram os resultados da sua empresa.\" \/>\n<meta name=\"robots\" content=\"index, follow, max-snippet:-1, max-image-preview:large, max-video-preview:-1\" \/>\n<link rel=\"canonical\" href=\"https:\/\/www.sphereit.com.br\/pt_br\/news\/responsabilidade-e-autonomia\/\" \/>\n<meta property=\"og:locale\" content=\"pt_BR\" \/>\n<meta property=\"og:type\" content=\"article\" \/>\n<meta property=\"og:title\" content=\"Responsabilidade e Autonomia: quando cada decis\u00e3o conta!\" \/>\n<meta property=\"og:description\" content=\"Responsabilidade e autonomia constroem a confian\u00e7a no trabalho. Saiba como esses valores fortalecem equipes e melhoram os resultados da sua empresa.\" \/>\n<meta property=\"og:url\" content=\"https:\/\/www.sphereit.com.br\/pt_br\/news\/responsabilidade-e-autonomia\/\" \/>\n<meta property=\"og:site_name\" content=\"Sphereit\" \/>\n<meta property=\"article:published_time\" content=\"2025-05-22T21:58:26+00:00\" \/>\n<meta property=\"article:modified_time\" content=\"2025-05-22T22:49:40+00:00\" \/>\n<meta property=\"og:image\" content=\"https:\/\/www.sphereit.com.br\/wp-content\/uploads\/2025\/05\/BANNER-SITE-2560X1174px4-scaled.jpg\" \/>\n\t<meta property=\"og:image:width\" content=\"2560\" \/>\n\t<meta property=\"og:image:height\" content=\"1174\" \/>\n\t<meta property=\"og:image:type\" content=\"image\/jpeg\" \/>\n<meta name=\"author\" content=\"Victor Forjaz\" \/>\n<meta name=\"twitter:card\" content=\"summary_large_image\" \/>\n<meta name=\"twitter:label1\" content=\"Escrito por\" \/>\n\t<meta name=\"twitter:data1\" content=\"Victor Forjaz\" \/>\n\t<meta name=\"twitter:label2\" content=\"Est. tempo de leitura\" \/>\n\t<meta name=\"twitter:data2\" content=\"3 minutos\" \/>\n<script type=\"application\/ld+json\" class=\"yoast-schema-graph\">{\"@context\":\"https:\\\/\\\/schema.org\",\"@graph\":[{\"@type\":\"Article\",\"@id\":\"https:\\\/\\\/www.sphereit.com.br\\\/pt_br\\\/news\\\/responsabilidade-e-autonomia\\\/#article\",\"isPartOf\":{\"@id\":\"https:\\\/\\\/www.sphereit.com.br\\\/pt_br\\\/news\\\/responsabilidade-e-autonomia\\\/\"},\"author\":{\"name\":\"Victor Forjaz\",\"@id\":\"https:\\\/\\\/www.sphereit.com.br\\\/pt_br\\\/#\\\/schema\\\/person\\\/4fecc9d33151bd9b8a8896cb296d1d9b\"},\"headline\":\"Responsabilidade e Autonomia: quando cada decis\u00e3o conta!\",\"datePublished\":\"2025-05-22T21:58:26+00:00\",\"dateModified\":\"2025-05-22T22:49:40+00:00\",\"mainEntityOfPage\":{\"@id\":\"https:\\\/\\\/www.sphereit.com.br\\\/pt_br\\\/news\\\/responsabilidade-e-autonomia\\\/\"},\"wordCount\":1459,\"image\":{\"@id\":\"https:\\\/\\\/www.sphereit.com.br\\\/pt_br\\\/news\\\/responsabilidade-e-autonomia\\\/#primaryimage\"},\"thumbnailUrl\":\"https:\\\/\\\/www.sphereit.com.br\\\/wp-content\\\/uploads\\\/2025\\\/05\\\/BANNER-SITE-2560X1174px4-scaled.jpg\",\"keywords\":[\"Comunica\u00e7\u00e3o.\"],\"articleSection\":[\"News\"],\"inLanguage\":\"pt-BR\"},{\"@type\":\"WebPage\",\"@id\":\"https:\\\/\\\/www.sphereit.com.br\\\/pt_br\\\/news\\\/responsabilidade-e-autonomia\\\/\",\"url\":\"https:\\\/\\\/www.sphereit.com.br\\\/pt_br\\\/news\\\/responsabilidade-e-autonomia\\\/\",\"name\":\"Responsabilidade e Autonomia: quando cada decis\u00e3o conta!\",\"isPartOf\":{\"@id\":\"https:\\\/\\\/www.sphereit.com.br\\\/pt_br\\\/#website\"},\"primaryImageOfPage\":{\"@id\":\"https:\\\/\\\/www.sphereit.com.br\\\/pt_br\\\/news\\\/responsabilidade-e-autonomia\\\/#primaryimage\"},\"image\":{\"@id\":\"https:\\\/\\\/www.sphereit.com.br\\\/pt_br\\\/news\\\/responsabilidade-e-autonomia\\\/#primaryimage\"},\"thumbnailUrl\":\"https:\\\/\\\/www.sphereit.com.br\\\/wp-content\\\/uploads\\\/2025\\\/05\\\/BANNER-SITE-2560X1174px4-scaled.jpg\",\"datePublished\":\"2025-05-22T21:58:26+00:00\",\"dateModified\":\"2025-05-22T22:49:40+00:00\",\"author\":{\"@id\":\"https:\\\/\\\/www.sphereit.com.br\\\/pt_br\\\/#\\\/schema\\\/person\\\/4fecc9d33151bd9b8a8896cb296d1d9b\"},\"description\":\"Responsabilidade e autonomia constroem a confian\u00e7a no trabalho. Saiba como esses valores fortalecem equipes e melhoram os resultados da sua empresa.\",\"breadcrumb\":{\"@id\":\"https:\\\/\\\/www.sphereit.com.br\\\/pt_br\\\/news\\\/responsabilidade-e-autonomia\\\/#breadcrumb\"},\"inLanguage\":\"pt-BR\",\"potentialAction\":[{\"@type\":\"ReadAction\",\"target\":[\"https:\\\/\\\/www.sphereit.com.br\\\/pt_br\\\/news\\\/responsabilidade-e-autonomia\\\/\"]}]},{\"@type\":\"ImageObject\",\"inLanguage\":\"pt-BR\",\"@id\":\"https:\\\/\\\/www.sphereit.com.br\\\/pt_br\\\/news\\\/responsabilidade-e-autonomia\\\/#primaryimage\",\"url\":\"https:\\\/\\\/www.sphereit.com.br\\\/wp-content\\\/uploads\\\/2025\\\/05\\\/BANNER-SITE-2560X1174px4-scaled.jpg\",\"contentUrl\":\"https:\\\/\\\/www.sphereit.com.br\\\/wp-content\\\/uploads\\\/2025\\\/05\\\/BANNER-SITE-2560X1174px4-scaled.jpg\",\"width\":2560,\"height\":1174,\"caption\":\"imagem destacada\"},{\"@type\":\"BreadcrumbList\",\"@id\":\"https:\\\/\\\/www.sphereit.com.br\\\/pt_br\\\/news\\\/responsabilidade-e-autonomia\\\/#breadcrumb\",\"itemListElement\":[{\"@type\":\"ListItem\",\"position\":1,\"name\":\"In\u00edcio\",\"item\":\"https:\\\/\\\/www.sphereit.com.br\\\/pt_br\\\/\"},{\"@type\":\"ListItem\",\"position\":2,\"name\":\"Responsabilidade e Autonomia: quando cada decis\u00e3o conta!\"}]},{\"@type\":\"WebSite\",\"@id\":\"https:\\\/\\\/www.sphereit.com.br\\\/pt_br\\\/#website\",\"url\":\"https:\\\/\\\/www.sphereit.com.br\\\/pt_br\\\/\",\"name\":\"Sphereit\",\"description\":\"Sphere IT Solutions\",\"potentialAction\":[{\"@type\":\"SearchAction\",\"target\":{\"@type\":\"EntryPoint\",\"urlTemplate\":\"https:\\\/\\\/www.sphereit.com.br\\\/pt_br\\\/?s={search_term_string}\"},\"query-input\":{\"@type\":\"PropertyValueSpecification\",\"valueRequired\":true,\"valueName\":\"search_term_string\"}}],\"inLanguage\":\"pt-BR\"},{\"@type\":\"Person\",\"@id\":\"https:\\\/\\\/www.sphereit.com.br\\\/pt_br\\\/#\\\/schema\\\/person\\\/4fecc9d33151bd9b8a8896cb296d1d9b\",\"name\":\"Victor Forjaz\",\"image\":{\"@type\":\"ImageObject\",\"inLanguage\":\"pt-BR\",\"@id\":\"https:\\\/\\\/secure.gravatar.com\\\/avatar\\\/422b61dacf29c33cdd97aee55dee434118ab593b8f7167ac914e4560aa85f8b1?s=96&d=mm&r=g\",\"url\":\"https:\\\/\\\/secure.gravatar.com\\\/avatar\\\/422b61dacf29c33cdd97aee55dee434118ab593b8f7167ac914e4560aa85f8b1?s=96&d=mm&r=g\",\"contentUrl\":\"https:\\\/\\\/secure.gravatar.com\\\/avatar\\\/422b61dacf29c33cdd97aee55dee434118ab593b8f7167ac914e4560aa85f8b1?s=96&d=mm&r=g\",\"caption\":\"Victor Forjaz\"}}]}<\/script>\n<!-- \/ Yoast SEO plugin. -->","yoast_head_json":{"title":"Responsabilidade e Autonomia: quando cada decis\u00e3o conta!","description":"Responsabilidade e autonomia constroem a confian\u00e7a no trabalho. Saiba como esses valores fortalecem equipes e melhoram os resultados da sua empresa.","robots":{"index":"index","follow":"follow","max-snippet":"max-snippet:-1","max-image-preview":"max-image-preview:large","max-video-preview":"max-video-preview:-1"},"canonical":"https:\/\/www.sphereit.com.br\/pt_br\/news\/responsabilidade-e-autonomia\/","og_locale":"pt_BR","og_type":"article","og_title":"Responsabilidade e Autonomia: quando cada decis\u00e3o conta!","og_description":"Responsabilidade e autonomia constroem a confian\u00e7a no trabalho. Saiba como esses valores fortalecem equipes e melhoram os resultados da sua empresa.","og_url":"https:\/\/www.sphereit.com.br\/pt_br\/news\/responsabilidade-e-autonomia\/","og_site_name":"Sphereit","article_published_time":"2025-05-22T21:58:26+00:00","article_modified_time":"2025-05-22T22:49:40+00:00","og_image":[{"width":2560,"height":1174,"url":"https:\/\/www.sphereit.com.br\/wp-content\/uploads\/2025\/05\/BANNER-SITE-2560X1174px4-scaled.jpg","type":"image\/jpeg"}],"author":"Victor Forjaz","twitter_card":"summary_large_image","twitter_misc":{"Escrito por":"Victor Forjaz","Est. tempo de leitura":"3 minutos"},"schema":{"@context":"https:\/\/schema.org","@graph":[{"@type":"Article","@id":"https:\/\/www.sphereit.com.br\/pt_br\/news\/responsabilidade-e-autonomia\/#article","isPartOf":{"@id":"https:\/\/www.sphereit.com.br\/pt_br\/news\/responsabilidade-e-autonomia\/"},"author":{"name":"Victor Forjaz","@id":"https:\/\/www.sphereit.com.br\/pt_br\/#\/schema\/person\/4fecc9d33151bd9b8a8896cb296d1d9b"},"headline":"Responsabilidade e Autonomia: quando cada decis\u00e3o conta!","datePublished":"2025-05-22T21:58:26+00:00","dateModified":"2025-05-22T22:49:40+00:00","mainEntityOfPage":{"@id":"https:\/\/www.sphereit.com.br\/pt_br\/news\/responsabilidade-e-autonomia\/"},"wordCount":1459,"image":{"@id":"https:\/\/www.sphereit.com.br\/pt_br\/news\/responsabilidade-e-autonomia\/#primaryimage"},"thumbnailUrl":"https:\/\/www.sphereit.com.br\/wp-content\/uploads\/2025\/05\/BANNER-SITE-2560X1174px4-scaled.jpg","keywords":["Comunica\u00e7\u00e3o."],"articleSection":["News"],"inLanguage":"pt-BR"},{"@type":"WebPage","@id":"https:\/\/www.sphereit.com.br\/pt_br\/news\/responsabilidade-e-autonomia\/","url":"https:\/\/www.sphereit.com.br\/pt_br\/news\/responsabilidade-e-autonomia\/","name":"Responsabilidade e Autonomia: quando cada decis\u00e3o conta!","isPartOf":{"@id":"https:\/\/www.sphereit.com.br\/pt_br\/#website"},"primaryImageOfPage":{"@id":"https:\/\/www.sphereit.com.br\/pt_br\/news\/responsabilidade-e-autonomia\/#primaryimage"},"image":{"@id":"https:\/\/www.sphereit.com.br\/pt_br\/news\/responsabilidade-e-autonomia\/#primaryimage"},"thumbnailUrl":"https:\/\/www.sphereit.com.br\/wp-content\/uploads\/2025\/05\/BANNER-SITE-2560X1174px4-scaled.jpg","datePublished":"2025-05-22T21:58:26+00:00","dateModified":"2025-05-22T22:49:40+00:00","author":{"@id":"https:\/\/www.sphereit.com.br\/pt_br\/#\/schema\/person\/4fecc9d33151bd9b8a8896cb296d1d9b"},"description":"Responsabilidade e autonomia constroem a confian\u00e7a no trabalho. Saiba como esses valores fortalecem equipes e melhoram os resultados da sua empresa.","breadcrumb":{"@id":"https:\/\/www.sphereit.com.br\/pt_br\/news\/responsabilidade-e-autonomia\/#breadcrumb"},"inLanguage":"pt-BR","potentialAction":[{"@type":"ReadAction","target":["https:\/\/www.sphereit.com.br\/pt_br\/news\/responsabilidade-e-autonomia\/"]}]},{"@type":"ImageObject","inLanguage":"pt-BR","@id":"https:\/\/www.sphereit.com.br\/pt_br\/news\/responsabilidade-e-autonomia\/#primaryimage","url":"https:\/\/www.sphereit.com.br\/wp-content\/uploads\/2025\/05\/BANNER-SITE-2560X1174px4-scaled.jpg","contentUrl":"https:\/\/www.sphereit.com.br\/wp-content\/uploads\/2025\/05\/BANNER-SITE-2560X1174px4-scaled.jpg","width":2560,"height":1174,"caption":"imagem destacada"},{"@type":"BreadcrumbList","@id":"https:\/\/www.sphereit.com.br\/pt_br\/news\/responsabilidade-e-autonomia\/#breadcrumb","itemListElement":[{"@type":"ListItem","position":1,"name":"In\u00edcio","item":"https:\/\/www.sphereit.com.br\/pt_br\/"},{"@type":"ListItem","position":2,"name":"Responsabilidade e Autonomia: quando cada decis\u00e3o conta!"}]},{"@type":"WebSite","@id":"https:\/\/www.sphereit.com.br\/pt_br\/#website","url":"https:\/\/www.sphereit.com.br\/pt_br\/","name":"Sphereit","description":"Sphere IT Solutions","potentialAction":[{"@type":"SearchAction","target":{"@type":"EntryPoint","urlTemplate":"https:\/\/www.sphereit.com.br\/pt_br\/?s={search_term_string}"},"query-input":{"@type":"PropertyValueSpecification","valueRequired":true,"valueName":"search_term_string"}}],"inLanguage":"pt-BR"},{"@type":"Person","@id":"https:\/\/www.sphereit.com.br\/pt_br\/#\/schema\/person\/4fecc9d33151bd9b8a8896cb296d1d9b","name":"Victor Forjaz","image":{"@type":"ImageObject","inLanguage":"pt-BR","@id":"https:\/\/secure.gravatar.com\/avatar\/422b61dacf29c33cdd97aee55dee434118ab593b8f7167ac914e4560aa85f8b1?s=96&d=mm&r=g","url":"https:\/\/secure.gravatar.com\/avatar\/422b61dacf29c33cdd97aee55dee434118ab593b8f7167ac914e4560aa85f8b1?s=96&d=mm&r=g","contentUrl":"https:\/\/secure.gravatar.com\/avatar\/422b61dacf29c33cdd97aee55dee434118ab593b8f7167ac914e4560aa85f8b1?s=96&d=mm&r=g","caption":"Victor Forjaz"}}]}},"_links":{"self":[{"href":"https:\/\/www.sphereit.com.br\/pt_br\/wp-json\/wp\/v2\/posts\/9716","targetHints":{"allow":["GET"]}}],"collection":[{"href":"https:\/\/www.sphereit.com.br\/pt_br\/wp-json\/wp\/v2\/posts"}],"about":[{"href":"https:\/\/www.sphereit.com.br\/pt_br\/wp-json\/wp\/v2\/types\/post"}],"author":[{"embeddable":true,"href":"https:\/\/www.sphereit.com.br\/pt_br\/wp-json\/wp\/v2\/users\/5"}],"replies":[{"embeddable":true,"href":"https:\/\/www.sphereit.com.br\/pt_br\/wp-json\/wp\/v2\/comments?post=9716"}],"version-history":[{"count":8,"href":"https:\/\/www.sphereit.com.br\/pt_br\/wp-json\/wp\/v2\/posts\/9716\/revisions"}],"predecessor-version":[{"id":9731,"href":"https:\/\/www.sphereit.com.br\/pt_br\/wp-json\/wp\/v2\/posts\/9716\/revisions\/9731"}],"wp:featuredmedia":[{"embeddable":true,"href":"https:\/\/www.sphereit.com.br\/pt_br\/wp-json\/wp\/v2\/media\/9726"}],"wp:attachment":[{"href":"https:\/\/www.sphereit.com.br\/pt_br\/wp-json\/wp\/v2\/media?parent=9716"}],"wp:term":[{"taxonomy":"category","embeddable":true,"href":"https:\/\/www.sphereit.com.br\/pt_br\/wp-json\/wp\/v2\/categories?post=9716"},{"taxonomy":"post_tag","embeddable":true,"href":"https:\/\/www.sphereit.com.br\/pt_br\/wp-json\/wp\/v2\/tags?post=9716"}],"curies":[{"name":"wp","href":"https:\/\/api.w.org\/{rel}","templated":true}]}}