{"id":9505,"date":"2025-02-19T17:43:24","date_gmt":"2025-02-19T20:43:24","guid":{"rendered":"https:\/\/www.sphereit.com.br\/?p=9505"},"modified":"2025-02-19T18:05:39","modified_gmt":"2025-02-19T21:05:39","slug":"o-uso-inteligente-das-ferramentas-de-comunicacao","status":"publish","type":"post","link":"https:\/\/www.sphereit.com.br\/pt_br\/news\/o-uso-inteligente-das-ferramentas-de-comunicacao\/","title":{"rendered":"O uso inteligente das ferramentas de comunica\u00e7\u00e3o"},"content":{"rendered":"[et_pb_section fb_built=&#8221;1&#8243; custom_padding_last_edited=&#8221;on|phone&#8221; admin_label=&#8221;Header &#8211; N\u00c3O EDITAR&#8221; _builder_version=&#8221;4.16&#8243; use_background_color_gradient=&#8221;on&#8221; background_color_gradient_type=&#8221;circular&#8221; background_color_gradient_stops=&#8221;#004183 0%|#001f4c 100%&#8221; background_color_gradient_start=&#8221;#004183&#8243; background_color_gradient_end=&#8221;#001f4c&#8221; background_image=&#8221;https:\/\/www.sphereit.com.br\/wp-content\/uploads\/2020\/06\/cyber-security-18.png&#8221; parallax=&#8221;on&#8221; custom_padding=&#8221;10vw||64px|||&#8221; custom_padding_tablet=&#8221;&#8221; custom_padding_phone=&#8221;23vw||64px||false|false&#8221; bottom_divider_style=&#8221;slant&#8221; bottom_divider_color=&#8221;#f1fafe&#8221; bottom_divider_height=&#8221;40px&#8221; bottom_divider_flip=&#8221;vertical&#8221; da_disable_devices=&#8221;off|off|off&#8221; locked=&#8221;off&#8221; global_colors_info=&#8221;{}&#8221; da_is_popup=&#8221;off&#8221; da_exit_intent=&#8221;off&#8221; da_has_close=&#8221;on&#8221; da_alt_close=&#8221;off&#8221; da_dark_close=&#8221;off&#8221; da_not_modal=&#8221;on&#8221; da_is_singular=&#8221;off&#8221; da_with_loader=&#8221;off&#8221; da_has_shadow=&#8221;on&#8221;][et_pb_row _builder_version=&#8221;4.16&#8243; z_index=&#8221;1&#8243; custom_margin=&#8221;-104px|auto||auto||&#8221; global_colors_info=&#8221;{}&#8221;][et_pb_column type=&#8221;4_4&#8243; _builder_version=&#8221;4.16&#8243; global_colors_info=&#8221;{}&#8221;][et_pb_post_title author=&#8221;off&#8221; date_format=&#8221;d\/m\/Y&#8221; comments=&#8221;off&#8221; featured_image=&#8221;off&#8221; _builder_version=&#8221;4.27.2&#8243; title_font=&#8221;eurostile|700||on|||||&#8221; title_text_align=&#8221;center&#8221; title_text_color=&#8221;#ffffff&#8221; title_font_size=&#8221;37px&#8221; meta_font=&#8221;||||||||&#8221; meta_text_align=&#8221;center&#8221; meta_text_color=&#8221;#ffffff&#8221; meta_font_size=&#8221;18px&#8221; global_colors_info=&#8221;{}&#8221;][\/et_pb_post_title][\/et_pb_column][\/et_pb_row][\/et_pb_section][et_pb_section fb_built=&#8221;1&#8243; admin_label=&#8221;EDITAR AQUI&#8221; _builder_version=&#8221;4.17.4&#8243; background_color=&#8221;#f1fafe&#8221; z_index=&#8221;10&#8243; custom_padding=&#8221;54px|||||&#8221; bottom_divider_height=&#8221;26vw&#8221; bottom_divider_flip=&#8221;horizontal&#8221; da_disable_devices=&#8221;off|off|off&#8221; locked=&#8221;off&#8221; global_colors_info=&#8221;{}&#8221; da_is_popup=&#8221;off&#8221; da_exit_intent=&#8221;off&#8221; da_has_close=&#8221;on&#8221; da_alt_close=&#8221;off&#8221; da_dark_close=&#8221;off&#8221; da_not_modal=&#8221;on&#8221; da_is_singular=&#8221;off&#8221; da_with_loader=&#8221;off&#8221; da_has_shadow=&#8221;on&#8221;][et_pb_row _builder_version=&#8221;4.17.4&#8243; custom_padding=&#8221;9px|||0px||&#8221; global_colors_info=&#8221;{}&#8221;][et_pb_column type=&#8221;4_4&#8243; _builder_version=&#8221;4.16&#8243; global_colors_info=&#8221;{}&#8221;][et_pb_text admin_label=&#8221;Texto&#8221; _builder_version=&#8221;4.27.4&#8243; text_font=&#8221;eurostile||||||||&#8221; text_text_color=&#8221;#4C4832&#8243; text_font_size=&#8221;16px&#8221; text_orientation=&#8221;justified&#8221; width=&#8221;100%&#8221; custom_padding=&#8221;||75px|||&#8221; hover_enabled=&#8221;0&#8243; global_colors_info=&#8221;{}&#8221; sticky_enabled=&#8221;0&#8243;]\n<p style=\"text-align: justify;\"><img decoding=\"async\" class=\"alignnone wp-image-9507 size-full\" src=\"https:\/\/www.sphereit.com.br\/wp-content\/uploads\/2025\/02\/BANNER-SITE-1200X550px2.jpg\" alt=\"\" width=\"2500\" height=\"1146\" srcset=\"https:\/\/www.sphereit.com.br\/wp-content\/uploads\/2025\/02\/BANNER-SITE-1200X550px2.jpg 2500w, https:\/\/www.sphereit.com.br\/wp-content\/uploads\/2025\/02\/BANNER-SITE-1200X550px2-1280x587.jpg 1280w, https:\/\/www.sphereit.com.br\/wp-content\/uploads\/2025\/02\/BANNER-SITE-1200X550px2-980x449.jpg 980w, https:\/\/www.sphereit.com.br\/wp-content\/uploads\/2025\/02\/BANNER-SITE-1200X550px2-480x220.jpg 480w\" sizes=\"(min-width: 0px) and (max-width: 480px) 480px, (min-width: 481px) and (max-width: 980px) 980px, (min-width: 981px) and (max-width: 1280px) 1280px, (min-width: 1281px) 2500px, 100vw\" \/><\/p>\n<h2 style=\"text-align: left;\">No ambiente de trabalho, a boa comunica\u00e7\u00e3o depende n\u00e3o s\u00f3 do conte\u00fado da mensagem, mas tamb\u00e9m do meio utilizado. O uso indiscriminado de e-mails, mensagens instant\u00e2neas, chats e reuni\u00f5es pode gerar excessos e prejudicar a produtividade. Como equilibrar esse uso, tendo dispon\u00edveis tantas ferramentas?.<\/h2>\n<p>&nbsp;<\/p>\n<p style=\"text-align: left;\">A comunica\u00e7\u00e3o eficiente n\u00e3o \u00e9 determinada pelo envio de maior n\u00famero de mensagens, mas sim por mensagens claras e bem direcionadas. Ao utilizarmos as ferramentas adequadas, evitamos a multiplicidade de informa\u00e7\u00f5es vindas de diferentes fontes, permitindo um melhor entendimento do que est\u00e1 sendo dito e aumentando a produtividade, j\u00e1 que as decis\u00f5es ter\u00e3o como base dados seguros.<\/p>\n<p style=\"text-align: left;\">Quando falamos em ferramentas de comunica\u00e7\u00e3o, nos referimos a tecnologias que viabilizam a troca de informa\u00e7\u00f5es. No entanto, conversas verbais, presenciais ou por telefone, tamb\u00e9m s\u00e3o essenciais. Pertencentes \u00e0 categoria das ferramentas orais, elas favorecem a comunica\u00e7\u00e3o imediata e permitem o uso de express\u00f5es n\u00e3o verbais que integram as rela\u00e7\u00f5es.<br \/>Podemos dizer que as ferramentas se complementam, mas qual \u00e9 o uso correto? Existem regras? Se n\u00e3o exatamente regras pr\u00e9-fixadas, o bom senso que sugere:<\/p>\n<p style=\"text-align: left;\"><strong><br \/>1. Escolha a ferramenta certa para cada mensagem<\/strong><br \/>\u2022 E-mail: Ideal para informa\u00e7\u00f5es formais, documentos e comunicados que n\u00e3o exigem resposta imediata, mas que valem estar bem registrados.<br \/>\u2022 Chats corporativos (WhatsApp, Teams, Slack): \u00dateis para conversas r\u00e1pidas, mas que podem gerar distra\u00e7\u00f5es, se usados em excesso e interpreta\u00e7\u00f5es equivocadas, se escritas e lidas com pressa e falta de aten\u00e7\u00e3o.<br \/>\u2022 Reuni\u00f5es: Devem ser reservadas para discuss\u00f5es estrat\u00e9gicas e decis\u00f5es colaborativas, evitando encontros longos e desnecess\u00e1rios.<br \/>\u2022 Plataformas colaborativas (Trello, Asana, Notion): Auxiliam na organiza\u00e7\u00e3o de tarefas e evitam o excesso de mensagens sobre o andamento de projetos.<\/p>\n<p style=\"text-align: left;\"><strong><br \/>2. Evite o &#8220;bombardeio&#8221; de informa\u00e7\u00f5es<\/strong><br \/>\u2022 Antes de enviar um e-mail, pergunte-se se a informa\u00e7\u00e3o \u00e9 necess\u00e1ria para todos os destinat\u00e1rios.<br \/>\u2022 Use mensagens diretas e objetivas. Se precisar de detalhes, prefira anexar documentos ou utilizar plataformas espec\u00edficas.<br \/>\u2022 Defina hor\u00e1rios para checagem de e-mails, evitando interrup\u00e7\u00f5es constantes no fluxo de trabalho.<\/p>\n<p style=\"text-align: left;\"><strong><br \/>3. Crie boas pr\u00e1ticas de comunica\u00e7\u00e3o na equipe<\/strong><br \/>\u2022 Estabele\u00e7a regras claras sobre quais canais usar em cada tipo de mensagem.<br \/>\u2022 Incentive o uso de palavras-chave nos assuntos dos e-mails para facilitar a organiza\u00e7\u00e3o e futuras buscas.<br \/>\u2022 Respeite o tempo de resposta: nem tudo precisa ser respondido imediatamente, mas \u00e9 bom que se defina um crit\u00e9rio.<\/p>\n<p style=\"text-align: left;\">Al\u00e9m desses cuidados, \u00e9 importante lembrar que a comunica\u00e7\u00e3o est\u00e1 diretamente relacionada \u00e0s tomadas de decis\u00e3o. A clareza da comunica\u00e7\u00e3o influencia a compreens\u00e3o e direciona escolhas estrat\u00e9gicas, repercutindo nos bons ou maus resultados alcan\u00e7ados.<br \/>Com informa\u00e7\u00f5es bem estruturadas e acess\u00edveis, l\u00edderes e equipes conseguem avaliar cen\u00e1rios com mais precis\u00e3o, evitando d\u00favidas e reduzindo erros. Comunicar-se bem, al\u00e9m de garantir maior efici\u00eancia e produtividade, \u00e9 essencial para o sucesso e a competitividade do neg\u00f3cio.<\/p>\n<p style=\"text-align: left;\">\n<p style=\"text-align: left;\">[\/et_pb_text][\/et_pb_column][\/et_pb_row][\/et_pb_section][et_pb_section fb_built=&#8221;1&#8243; disabled_on=&#8221;off|off|off&#8221; admin_label=&#8221;Footer&#8221; _builder_version=&#8221;4.16&#8243; use_background_color_gradient=&#8221;on&#8221; background_color_gradient_type=&#8221;circular&#8221; background_color_gradient_direction_radial=&#8221;top right&#8221; background_color_gradient_stops=&#8221;#004183 42%|#001f4c 100%&#8221; background_color_gradient_start=&#8221;#004183&#8243; background_color_gradient_start_position=&#8221;42%&#8221; background_color_gradient_end=&#8221;#001f4c&#8221; background_image=&#8221;https:\/\/www.sphereit.com.br\/wp-content\/uploads\/2020\/06\/cyber-security-17.png&#8221; z_index=&#8221;10&#8243; min_height=&#8221;545px&#8221; height=&#8221;446px&#8221; overflow-x=&#8221;visible&#8221; overflow-y=&#8221;visible&#8221; custom_margin=&#8221;-2px||-2px||true|false&#8221; custom_padding=&#8221;||0vw||false|false&#8221; background_color_gradient_stops_tablet=&#8221;#004183 42%|#001f4c 100%&#8221; background_color_gradient_stops_phone=&#8221;#004183 42%|#001f4c 100%&#8221; da_disable_devices=&#8221;off|off|off&#8221; global_module=&#8221;215&#8243; locked=&#8221;off&#8221; global_colors_info=&#8221;{}&#8221; da_is_popup=&#8221;off&#8221; da_exit_intent=&#8221;off&#8221; da_has_close=&#8221;on&#8221; da_alt_close=&#8221;off&#8221; da_dark_close=&#8221;off&#8221; da_not_modal=&#8221;on&#8221; da_is_singular=&#8221;off&#8221; da_with_loader=&#8221;off&#8221; da_has_shadow=&#8221;on&#8221;][et_pb_row column_structure=&#8221;2_5,3_5&#8243; make_equal=&#8221;on&#8221; disabled_on=&#8221;on|on|off&#8221; _builder_version=&#8221;4.27.4&#8243; background_color=&#8221;#ffffff&#8221; min_height=&#8221;421px&#8221; custom_margin=&#8221;-50px|auto|-2px|auto|false|false&#8221; custom_padding=&#8221;0px||0px||true&#8221; border_radii=&#8221;on|10px|10px|10px|10px&#8221; box_shadow_style=&#8221;preset1&#8243; box_shadow_vertical=&#8221;40px&#8221; box_shadow_blur=&#8221;60px&#8221; box_shadow_spread=&#8221;-8px&#8221; box_shadow_color=&#8221;rgba(10,45,97,0.48)&#8221; saved_tabs=&#8221;all&#8221; locked=&#8221;off&#8221; global_colors_info=&#8221;{}&#8221;][et_pb_column type=&#8221;2_5&#8243; _builder_version=&#8221;4.16&#8243; custom_padding=&#8221;60px|40px|60px|40px|true|true&#8221; global_colors_info=&#8221;{}&#8221;][et_pb_text _builder_version=&#8221;4.16&#8243; text_font=&#8221;||||||||&#8221; header_2_font=&#8221;eurostile|900|||||||&#8221; header_2_font_size=&#8221;56px&#8221; header_2_line_height=&#8221;1.1em&#8221; text_orientation=&#8221;center&#8221; width=&#8221;100%&#8221; custom_margin_tablet=&#8221;&#8221; custom_margin_phone=&#8221;-40px||7px||false|false&#8221; custom_margin_last_edited=&#8221;on|phone&#8221; header_2_font_size_tablet=&#8221;38px&#8221; header_2_font_size_phone=&#8221;26px&#8221; header_2_font_size_last_edited=&#8221;on|desktop&#8221; text_text_align=&#8221;center&#8221; locked=&#8221;off&#8221; global_colors_info=&#8221;{}&#8221;]\n<h2 style=\"text-align: left;\">Fale com nossa equipe<\/h2>\n[\/et_pb_text][et_pb_blurb title=&#8221;+55 11 4178-8811&#8243; use_icon=&#8221;on&#8221; font_icon=&#8221;&#xe090;||divi||400&#8243; icon_color=&#8221;#006ac1&#8243; icon_placement=&#8221;left&#8221; image_icon_width=&#8221;24px&#8221; _builder_version=&#8221;4.16&#8243; header_font=&#8221;Overpass|900|||||||&#8221; header_line_height=&#8221;1.4em&#8221; body_font=&#8221;Overpass|300|||||||&#8221; body_line_height=&#8221;1.8em&#8221; text_orientation=&#8221;center&#8221; custom_margin_tablet=&#8221;&#8221; custom_margin_phone=&#8221;||0px||false|false&#8221; custom_margin_last_edited=&#8221;on|phone&#8221; custom_padding=&#8221;4px|||||&#8221; icon_font_size=&#8221;24px&#8221; locked=&#8221;off&#8221; global_colors_info=&#8221;{}&#8221;][\/et_pb_blurb][et_pb_blurb title=&#8221;sphere@sphereit.com.br&#8221; use_icon=&#8221;on&#8221; font_icon=&#8221;&#xe076;||divi||400&#8243; icon_color=&#8221;#006ac1&#8243; icon_placement=&#8221;left&#8221; image_icon_width=&#8221;24px&#8221; title_last_edited=&#8221;off|phone&#8221; content_tablet=&#8221;&#8221; content_phone=&#8221;&#8221; content_last_edited=&#8221;on|desktop&#8221; _builder_version=&#8221;4.27.4&#8243; header_font=&#8221;Overpass|900|||||||&#8221; header_line_height=&#8221;1.4em&#8221; body_font=&#8221;Overpass|300|||||||&#8221; body_line_height=&#8221;1.8em&#8221; text_orientation=&#8221;center&#8221; custom_margin_tablet=&#8221;&#8221; custom_margin_phone=&#8221;||4px||false|false&#8221; custom_margin_last_edited=&#8221;on|phone&#8221; custom_padding=&#8221;4px|||||&#8221; icon_font_size=&#8221;24px&#8221; locked=&#8221;off&#8221; global_colors_info=&#8221;{}&#8221;][\/et_pb_blurb][et_pb_blurb title=&#8221;Endere\u00e7o: Rua Jos\u00e9 Versolato, 111 &#8211; 18\u00ba Andar \u2013 S\u00e3o Bernardo do Campo&#8221; use_icon=&#8221;on&#8221; font_icon=&#8221;&#xe081;||divi||400&#8243; icon_color=&#8221;#006ac1&#8243; icon_placement=&#8221;left&#8221; image_icon_width=&#8221;24px&#8221; _builder_version=&#8221;4.16&#8243; header_font=&#8221;Overpass|900|||||||&#8221; header_text_align=&#8221;left&#8221; header_line_height=&#8221;1.4em&#8221; body_font=&#8221;Overpass|300|||||||&#8221; body_line_height=&#8221;1.8em&#8221; text_orientation=&#8221;center&#8221; custom_margin=&#8221;||-99px|||&#8221; icon_font_size=&#8221;24px&#8221; locked=&#8221;off&#8221; global_colors_info=&#8221;{}&#8221;][\/et_pb_blurb][et_pb_social_media_follow _builder_version=&#8221;4.16&#8243; custom_margin=&#8221;100px||||false|false&#8221; global_colors_info=&#8221;{}&#8221;][et_pb_social_media_follow_network social_network=&#8221;linkedin&#8221; url=&#8221;https:\/\/www.linkedin.com\/company\/sphere-it-solutions\/&#8221; icon_color=&#8221;#004183&#8243; _builder_version=&#8221;4.16&#8243; background_enable_color=&#8221;off&#8221; border_radii=&#8221;on|22px|22px|22px|22px&#8221; border_width_all=&#8221;2px&#8221; border_color_all=&#8221;#004183&#8243; global_colors_info=&#8221;{}&#8221; follow_button=&#8221;off&#8221; url_new_window=&#8221;on&#8221;]linkedin[\/et_pb_social_media_follow_network][et_pb_social_media_follow_network social_network=&#8221;facebook&#8221; url=&#8221;https:\/\/www.facebook.com\/sphereitsolutions&#8221; icon_color=&#8221;#004183&#8243; _builder_version=&#8221;4.16&#8243; background_color=&#8221;#3b5998&#8243; background_enable_color=&#8221;off&#8221; border_radii=&#8221;on|22px|22px|22px|22px&#8221; border_width_all=&#8221;2px&#8221; border_color_all=&#8221;#004183&#8243; global_colors_info=&#8221;{}&#8221; follow_button=&#8221;off&#8221; url_new_window=&#8221;on&#8221;]facebook[\/et_pb_social_media_follow_network][\/et_pb_social_media_follow][\/et_pb_column][et_pb_column type=&#8221;3_5&#8243; _builder_version=&#8221;4.16&#8243; use_background_color_gradient=&#8221;on&#8221; background_color_gradient_type=&#8221;circular&#8221; background_color_gradient_stops=&#8221;#004183 0%| #001c4c 100%&#8221; background_color_gradient_start=&#8221;#004183&#8243; background_color_gradient_end=&#8221; #001c4c&#8221; background_image=&#8221;https:\/\/www.sphereit.com.br\/wp-content\/uploads\/2020\/06\/cyber-security-010-1.png&#8221; background_size=&#8221;contain&#8221; background_position=&#8221;bottom_left&#8221; transform_translate_linked=&#8221;off&#8221; custom_padding=&#8221;60px|40px|60px|20%|true&#8221; custom_padding_tablet=&#8221;80px|||40px&#8221; custom_padding_phone=&#8221;&#8221; custom_padding_last_edited=&#8221;on|desktop&#8221; background_last_edited=&#8221;on|desktop&#8221; background_image_tablet=&#8221;http:\/\/zaib.sandbox.etdevs.com\/divi\/wp-content\/uploads\/sites\/2\/2019\/06\/cyber-security-11.png&#8221; background_enable_image_tablet=&#8221;on&#8221; background_position_tablet=&#8221;top_left&#8221; global_colors_info=&#8221;{}&#8221;][et_pb_image src=&#8221;https:\/\/www.sphereit.com.br\/wp-content\/uploads\/2020\/07\/Logos_Sphere_branco_vertical-1.png&#8221; title_text=&#8221;Logos_Sphere_branco_vertical&#8221; _builder_version=&#8221;4.16&#8243; width=&#8221;80%&#8221; width_tablet=&#8221;&#8221; width_phone=&#8221;57%&#8221; width_last_edited=&#8221;on|phone&#8221; filter_saturate=&#8221;127%&#8221; filter_brightness=&#8221;95%&#8221; filter_contrast=&#8221;131%&#8221; module_alignment_tablet=&#8221;&#8221; module_alignment_phone=&#8221;center&#8221; module_alignment_last_edited=&#8221;on|phone&#8221; global_colors_info=&#8221;{}&#8221;][\/et_pb_image][\/et_pb_column][\/et_pb_row][et_pb_row make_equal=&#8221;on&#8221; disabled_on=&#8221;off|off|on&#8221; _builder_version=&#8221;4.27.4&#8243; background_color=&#8221;#ffffff&#8221; min_height=&#8221;526px&#8221; custom_margin=&#8221;-137px|auto|-2px|auto|false|false&#8221; custom_padding=&#8221;0px||0px||true&#8221; border_radii=&#8221;on|10px|10px|10px|10px&#8221; box_shadow_style=&#8221;preset1&#8243; box_shadow_vertical=&#8221;40px&#8221; box_shadow_blur=&#8221;60px&#8221; box_shadow_spread=&#8221;-8px&#8221; box_shadow_color=&#8221;rgba(10,45,97,0.48)&#8221; saved_tabs=&#8221;all&#8221; locked=&#8221;off&#8221; global_colors_info=&#8221;{}&#8221;][et_pb_column type=&#8221;4_4&#8243; _builder_version=&#8221;4.16&#8243; custom_padding=&#8221;60px|40px|60px|40px|true|true&#8221; global_colors_info=&#8221;{}&#8221;][et_pb_text content_tablet=&#8221;&#8221; content_phone=&#8221;<\/p>\n<h2 style=%22text-align: left;%22>Fale com nossa equipe<\/h2>\n<p style=%22text-align: left;%22><strong>+55 11 4178-8811<\/strong><\/p>\n<p style=%22text-align: left;%22><strong>sphere@sphereit.com.br<\/strong><\/p>\n<p>&#8221; content_last_edited=&#8221;on|phone&#8221; _builder_version=&#8221;4.27.4&#8243; text_font=&#8221;||||||||&#8221; header_2_font=&#8221;Overpass|900|||||||&#8221; header_2_font_size=&#8221;56px&#8221; header_2_line_height=&#8221;1.1em&#8221; text_orientation=&#8221;center&#8221; width=&#8221;100%&#8221; custom_margin_tablet=&#8221;&#8221; custom_margin_phone=&#8221;-23px||7px||false|false&#8221; custom_margin_last_edited=&#8221;on|phone&#8221; header_2_font_size_tablet=&#8221;38px&#8221; header_2_font_size_phone=&#8221;26px&#8221; header_2_font_size_last_edited=&#8221;on|desktop&#8221; text_text_align=&#8221;center&#8221; locked=&#8221;off&#8221; global_colors_info=&#8221;{}&#8221;]\n<h2 style=\"text-align: left;\">Fale com nossa equipe<\/h2>\n<p><strong>+55 11 4178-8811<\/strong><\/p>\n<p><strong>sphere@sphereit.com.br<\/strong><\/p>\n[\/et_pb_text][\/et_pb_column][\/et_pb_row][\/et_pb_section]\n","protected":false},"excerpt":{"rendered":"<p>Comunica\u00e7\u00e3o eficiente no trabalho: como usar as ferramentas certas? O excesso de e-mails, mensagens e reuni\u00f5es pode prejudicar a produtividade. Aprenda a equilibrar o uso dos canais de comunica\u00e7\u00e3o e torne seu time mais eficiente!<\/p>\n","protected":false},"author":5,"featured_media":9507,"comment_status":"closed","ping_status":"closed","sticky":false,"template":"","format":"standard","meta":{"_et_pb_use_builder":"on","_et_pb_old_content":"","_et_gb_content_width":"","footnotes":""},"categories":[13],"tags":[46],"class_list":["post-9505","post","type-post","status-publish","format-standard","has-post-thumbnail","hentry","category-news","tag-comunicacao"],"yoast_head":"<!-- This site is optimized with the Yoast SEO plugin v27.5 - https:\/\/yoast.com\/product\/yoast-seo-wordpress\/ -->\n<title>O uso inteligente das ferramentas de comunica\u00e7\u00e3o<\/title>\n<meta name=\"description\" content=\"O uso inteligente das ferramentas de comunica\u00e7\u00e3o: o excesso de e-mails, mensagens e reuni\u00f5es pode prejudicar a produtividade. Aprenda a equilibrar o uso dos canais de comunica\u00e7\u00e3o e torne seu time mais eficiente!\" \/>\n<meta name=\"robots\" content=\"index, follow, max-snippet:-1, max-image-preview:large, max-video-preview:-1\" \/>\n<link rel=\"canonical\" href=\"https:\/\/www.sphereit.com.br\/pt_br\/news\/o-uso-inteligente-das-ferramentas-de-comunicacao\/\" \/>\n<meta property=\"og:locale\" content=\"pt_BR\" \/>\n<meta property=\"og:type\" content=\"article\" \/>\n<meta property=\"og:title\" content=\"O uso inteligente das ferramentas de comunica\u00e7\u00e3o\" \/>\n<meta property=\"og:description\" content=\"O uso inteligente das ferramentas de comunica\u00e7\u00e3o: o excesso de e-mails, mensagens e reuni\u00f5es pode prejudicar a produtividade. Aprenda a equilibrar o uso dos canais de comunica\u00e7\u00e3o e torne seu time mais eficiente!\" \/>\n<meta property=\"og:url\" content=\"https:\/\/www.sphereit.com.br\/pt_br\/news\/o-uso-inteligente-das-ferramentas-de-comunicacao\/\" \/>\n<meta property=\"og:site_name\" content=\"Sphereit\" \/>\n<meta property=\"article:published_time\" content=\"2025-02-19T20:43:24+00:00\" \/>\n<meta property=\"article:modified_time\" content=\"2025-02-19T21:05:39+00:00\" \/>\n<meta property=\"og:image\" content=\"https:\/\/www.sphereit.com.br\/wp-content\/uploads\/2025\/02\/BANNER-SITE-1200X550px2.jpg\" \/>\n\t<meta property=\"og:image:width\" content=\"2500\" \/>\n\t<meta property=\"og:image:height\" content=\"1146\" \/>\n\t<meta property=\"og:image:type\" content=\"image\/jpeg\" \/>\n<meta name=\"author\" content=\"Victor Forjaz\" \/>\n<meta name=\"twitter:card\" content=\"summary_large_image\" \/>\n<meta name=\"twitter:label1\" content=\"Escrito por\" \/>\n\t<meta name=\"twitter:data1\" content=\"Victor Forjaz\" \/>\n\t<meta name=\"twitter:label2\" content=\"Est. tempo de leitura\" \/>\n\t<meta name=\"twitter:data2\" content=\"4 minutos\" \/>\n<script type=\"application\/ld+json\" class=\"yoast-schema-graph\">{\"@context\":\"https:\\\/\\\/schema.org\",\"@graph\":[{\"@type\":\"Article\",\"@id\":\"https:\\\/\\\/www.sphereit.com.br\\\/news\\\/o-uso-inteligente-das-ferramentas-de-comunicacao\\\/#article\",\"isPartOf\":{\"@id\":\"https:\\\/\\\/www.sphereit.com.br\\\/news\\\/o-uso-inteligente-das-ferramentas-de-comunicacao\\\/\"},\"author\":{\"name\":\"Victor Forjaz\",\"@id\":\"https:\\\/\\\/www.sphereit.com.br\\\/pt_br\\\/#\\\/schema\\\/person\\\/4fecc9d33151bd9b8a8896cb296d1d9b\"},\"headline\":\"O uso inteligente das ferramentas de comunica\u00e7\u00e3o\",\"datePublished\":\"2025-02-19T20:43:24+00:00\",\"dateModified\":\"2025-02-19T21:05:39+00:00\",\"mainEntityOfPage\":{\"@id\":\"https:\\\/\\\/www.sphereit.com.br\\\/news\\\/o-uso-inteligente-das-ferramentas-de-comunicacao\\\/\"},\"wordCount\":1918,\"image\":{\"@id\":\"https:\\\/\\\/www.sphereit.com.br\\\/news\\\/o-uso-inteligente-das-ferramentas-de-comunicacao\\\/#primaryimage\"},\"thumbnailUrl\":\"https:\\\/\\\/www.sphereit.com.br\\\/wp-content\\\/uploads\\\/2025\\\/02\\\/BANNER-SITE-1200X550px2.jpg\",\"keywords\":[\"Comunica\u00e7\u00e3o.\"],\"articleSection\":[\"News\"],\"inLanguage\":\"pt-BR\"},{\"@type\":\"WebPage\",\"@id\":\"https:\\\/\\\/www.sphereit.com.br\\\/news\\\/o-uso-inteligente-das-ferramentas-de-comunicacao\\\/\",\"url\":\"https:\\\/\\\/www.sphereit.com.br\\\/news\\\/o-uso-inteligente-das-ferramentas-de-comunicacao\\\/\",\"name\":\"O uso inteligente das ferramentas de comunica\u00e7\u00e3o\",\"isPartOf\":{\"@id\":\"https:\\\/\\\/www.sphereit.com.br\\\/pt_br\\\/#website\"},\"primaryImageOfPage\":{\"@id\":\"https:\\\/\\\/www.sphereit.com.br\\\/news\\\/o-uso-inteligente-das-ferramentas-de-comunicacao\\\/#primaryimage\"},\"image\":{\"@id\":\"https:\\\/\\\/www.sphereit.com.br\\\/news\\\/o-uso-inteligente-das-ferramentas-de-comunicacao\\\/#primaryimage\"},\"thumbnailUrl\":\"https:\\\/\\\/www.sphereit.com.br\\\/wp-content\\\/uploads\\\/2025\\\/02\\\/BANNER-SITE-1200X550px2.jpg\",\"datePublished\":\"2025-02-19T20:43:24+00:00\",\"dateModified\":\"2025-02-19T21:05:39+00:00\",\"author\":{\"@id\":\"https:\\\/\\\/www.sphereit.com.br\\\/pt_br\\\/#\\\/schema\\\/person\\\/4fecc9d33151bd9b8a8896cb296d1d9b\"},\"description\":\"O uso inteligente das ferramentas de comunica\u00e7\u00e3o: o excesso de e-mails, mensagens e reuni\u00f5es pode prejudicar a produtividade. Aprenda a equilibrar o uso dos canais de comunica\u00e7\u00e3o e torne seu time mais eficiente!\",\"breadcrumb\":{\"@id\":\"https:\\\/\\\/www.sphereit.com.br\\\/news\\\/o-uso-inteligente-das-ferramentas-de-comunicacao\\\/#breadcrumb\"},\"inLanguage\":\"pt-BR\",\"potentialAction\":[{\"@type\":\"ReadAction\",\"target\":[\"https:\\\/\\\/www.sphereit.com.br\\\/news\\\/o-uso-inteligente-das-ferramentas-de-comunicacao\\\/\"]}]},{\"@type\":\"ImageObject\",\"inLanguage\":\"pt-BR\",\"@id\":\"https:\\\/\\\/www.sphereit.com.br\\\/news\\\/o-uso-inteligente-das-ferramentas-de-comunicacao\\\/#primaryimage\",\"url\":\"https:\\\/\\\/www.sphereit.com.br\\\/wp-content\\\/uploads\\\/2025\\\/02\\\/BANNER-SITE-1200X550px2.jpg\",\"contentUrl\":\"https:\\\/\\\/www.sphereit.com.br\\\/wp-content\\\/uploads\\\/2025\\\/02\\\/BANNER-SITE-1200X550px2.jpg\",\"width\":2500,\"height\":1146},{\"@type\":\"BreadcrumbList\",\"@id\":\"https:\\\/\\\/www.sphereit.com.br\\\/news\\\/o-uso-inteligente-das-ferramentas-de-comunicacao\\\/#breadcrumb\",\"itemListElement\":[{\"@type\":\"ListItem\",\"position\":1,\"name\":\"In\u00edcio\",\"item\":\"https:\\\/\\\/www.sphereit.com.br\\\/pt_br\\\/\"},{\"@type\":\"ListItem\",\"position\":2,\"name\":\"O uso inteligente das ferramentas de comunica\u00e7\u00e3o\"}]},{\"@type\":\"WebSite\",\"@id\":\"https:\\\/\\\/www.sphereit.com.br\\\/pt_br\\\/#website\",\"url\":\"https:\\\/\\\/www.sphereit.com.br\\\/pt_br\\\/\",\"name\":\"Sphereit\",\"description\":\"Sphere IT Solutions\",\"potentialAction\":[{\"@type\":\"SearchAction\",\"target\":{\"@type\":\"EntryPoint\",\"urlTemplate\":\"https:\\\/\\\/www.sphereit.com.br\\\/pt_br\\\/?s={search_term_string}\"},\"query-input\":{\"@type\":\"PropertyValueSpecification\",\"valueRequired\":true,\"valueName\":\"search_term_string\"}}],\"inLanguage\":\"pt-BR\"},{\"@type\":\"Person\",\"@id\":\"https:\\\/\\\/www.sphereit.com.br\\\/pt_br\\\/#\\\/schema\\\/person\\\/4fecc9d33151bd9b8a8896cb296d1d9b\",\"name\":\"Victor Forjaz\",\"image\":{\"@type\":\"ImageObject\",\"inLanguage\":\"pt-BR\",\"@id\":\"https:\\\/\\\/secure.gravatar.com\\\/avatar\\\/422b61dacf29c33cdd97aee55dee434118ab593b8f7167ac914e4560aa85f8b1?s=96&d=mm&r=g\",\"url\":\"https:\\\/\\\/secure.gravatar.com\\\/avatar\\\/422b61dacf29c33cdd97aee55dee434118ab593b8f7167ac914e4560aa85f8b1?s=96&d=mm&r=g\",\"contentUrl\":\"https:\\\/\\\/secure.gravatar.com\\\/avatar\\\/422b61dacf29c33cdd97aee55dee434118ab593b8f7167ac914e4560aa85f8b1?s=96&d=mm&r=g\",\"caption\":\"Victor Forjaz\"}}]}<\/script>\n<!-- \/ Yoast SEO plugin. -->","yoast_head_json":{"title":"O uso inteligente das ferramentas de comunica\u00e7\u00e3o","description":"O uso inteligente das ferramentas de comunica\u00e7\u00e3o: o excesso de e-mails, mensagens e reuni\u00f5es pode prejudicar a produtividade. Aprenda a equilibrar o uso dos canais de comunica\u00e7\u00e3o e torne seu time mais eficiente!","robots":{"index":"index","follow":"follow","max-snippet":"max-snippet:-1","max-image-preview":"max-image-preview:large","max-video-preview":"max-video-preview:-1"},"canonical":"https:\/\/www.sphereit.com.br\/pt_br\/news\/o-uso-inteligente-das-ferramentas-de-comunicacao\/","og_locale":"pt_BR","og_type":"article","og_title":"O uso inteligente das ferramentas de comunica\u00e7\u00e3o","og_description":"O uso inteligente das ferramentas de comunica\u00e7\u00e3o: o excesso de e-mails, mensagens e reuni\u00f5es pode prejudicar a produtividade. Aprenda a equilibrar o uso dos canais de comunica\u00e7\u00e3o e torne seu time mais eficiente!","og_url":"https:\/\/www.sphereit.com.br\/pt_br\/news\/o-uso-inteligente-das-ferramentas-de-comunicacao\/","og_site_name":"Sphereit","article_published_time":"2025-02-19T20:43:24+00:00","article_modified_time":"2025-02-19T21:05:39+00:00","og_image":[{"width":2500,"height":1146,"url":"https:\/\/www.sphereit.com.br\/wp-content\/uploads\/2025\/02\/BANNER-SITE-1200X550px2.jpg","type":"image\/jpeg"}],"author":"Victor Forjaz","twitter_card":"summary_large_image","twitter_misc":{"Escrito por":"Victor Forjaz","Est. tempo de leitura":"4 minutos"},"schema":{"@context":"https:\/\/schema.org","@graph":[{"@type":"Article","@id":"https:\/\/www.sphereit.com.br\/news\/o-uso-inteligente-das-ferramentas-de-comunicacao\/#article","isPartOf":{"@id":"https:\/\/www.sphereit.com.br\/news\/o-uso-inteligente-das-ferramentas-de-comunicacao\/"},"author":{"name":"Victor Forjaz","@id":"https:\/\/www.sphereit.com.br\/pt_br\/#\/schema\/person\/4fecc9d33151bd9b8a8896cb296d1d9b"},"headline":"O uso inteligente das ferramentas de comunica\u00e7\u00e3o","datePublished":"2025-02-19T20:43:24+00:00","dateModified":"2025-02-19T21:05:39+00:00","mainEntityOfPage":{"@id":"https:\/\/www.sphereit.com.br\/news\/o-uso-inteligente-das-ferramentas-de-comunicacao\/"},"wordCount":1918,"image":{"@id":"https:\/\/www.sphereit.com.br\/news\/o-uso-inteligente-das-ferramentas-de-comunicacao\/#primaryimage"},"thumbnailUrl":"https:\/\/www.sphereit.com.br\/wp-content\/uploads\/2025\/02\/BANNER-SITE-1200X550px2.jpg","keywords":["Comunica\u00e7\u00e3o."],"articleSection":["News"],"inLanguage":"pt-BR"},{"@type":"WebPage","@id":"https:\/\/www.sphereit.com.br\/news\/o-uso-inteligente-das-ferramentas-de-comunicacao\/","url":"https:\/\/www.sphereit.com.br\/news\/o-uso-inteligente-das-ferramentas-de-comunicacao\/","name":"O uso inteligente das ferramentas de comunica\u00e7\u00e3o","isPartOf":{"@id":"https:\/\/www.sphereit.com.br\/pt_br\/#website"},"primaryImageOfPage":{"@id":"https:\/\/www.sphereit.com.br\/news\/o-uso-inteligente-das-ferramentas-de-comunicacao\/#primaryimage"},"image":{"@id":"https:\/\/www.sphereit.com.br\/news\/o-uso-inteligente-das-ferramentas-de-comunicacao\/#primaryimage"},"thumbnailUrl":"https:\/\/www.sphereit.com.br\/wp-content\/uploads\/2025\/02\/BANNER-SITE-1200X550px2.jpg","datePublished":"2025-02-19T20:43:24+00:00","dateModified":"2025-02-19T21:05:39+00:00","author":{"@id":"https:\/\/www.sphereit.com.br\/pt_br\/#\/schema\/person\/4fecc9d33151bd9b8a8896cb296d1d9b"},"description":"O uso inteligente das ferramentas de comunica\u00e7\u00e3o: o excesso de e-mails, mensagens e reuni\u00f5es pode prejudicar a produtividade. Aprenda a equilibrar o uso dos canais de comunica\u00e7\u00e3o e torne seu time mais eficiente!","breadcrumb":{"@id":"https:\/\/www.sphereit.com.br\/news\/o-uso-inteligente-das-ferramentas-de-comunicacao\/#breadcrumb"},"inLanguage":"pt-BR","potentialAction":[{"@type":"ReadAction","target":["https:\/\/www.sphereit.com.br\/news\/o-uso-inteligente-das-ferramentas-de-comunicacao\/"]}]},{"@type":"ImageObject","inLanguage":"pt-BR","@id":"https:\/\/www.sphereit.com.br\/news\/o-uso-inteligente-das-ferramentas-de-comunicacao\/#primaryimage","url":"https:\/\/www.sphereit.com.br\/wp-content\/uploads\/2025\/02\/BANNER-SITE-1200X550px2.jpg","contentUrl":"https:\/\/www.sphereit.com.br\/wp-content\/uploads\/2025\/02\/BANNER-SITE-1200X550px2.jpg","width":2500,"height":1146},{"@type":"BreadcrumbList","@id":"https:\/\/www.sphereit.com.br\/news\/o-uso-inteligente-das-ferramentas-de-comunicacao\/#breadcrumb","itemListElement":[{"@type":"ListItem","position":1,"name":"In\u00edcio","item":"https:\/\/www.sphereit.com.br\/pt_br\/"},{"@type":"ListItem","position":2,"name":"O uso inteligente das ferramentas de comunica\u00e7\u00e3o"}]},{"@type":"WebSite","@id":"https:\/\/www.sphereit.com.br\/pt_br\/#website","url":"https:\/\/www.sphereit.com.br\/pt_br\/","name":"Sphereit","description":"Sphere IT Solutions","potentialAction":[{"@type":"SearchAction","target":{"@type":"EntryPoint","urlTemplate":"https:\/\/www.sphereit.com.br\/pt_br\/?s={search_term_string}"},"query-input":{"@type":"PropertyValueSpecification","valueRequired":true,"valueName":"search_term_string"}}],"inLanguage":"pt-BR"},{"@type":"Person","@id":"https:\/\/www.sphereit.com.br\/pt_br\/#\/schema\/person\/4fecc9d33151bd9b8a8896cb296d1d9b","name":"Victor Forjaz","image":{"@type":"ImageObject","inLanguage":"pt-BR","@id":"https:\/\/secure.gravatar.com\/avatar\/422b61dacf29c33cdd97aee55dee434118ab593b8f7167ac914e4560aa85f8b1?s=96&d=mm&r=g","url":"https:\/\/secure.gravatar.com\/avatar\/422b61dacf29c33cdd97aee55dee434118ab593b8f7167ac914e4560aa85f8b1?s=96&d=mm&r=g","contentUrl":"https:\/\/secure.gravatar.com\/avatar\/422b61dacf29c33cdd97aee55dee434118ab593b8f7167ac914e4560aa85f8b1?s=96&d=mm&r=g","caption":"Victor Forjaz"}}]}},"_links":{"self":[{"href":"https:\/\/www.sphereit.com.br\/pt_br\/wp-json\/wp\/v2\/posts\/9505","targetHints":{"allow":["GET"]}}],"collection":[{"href":"https:\/\/www.sphereit.com.br\/pt_br\/wp-json\/wp\/v2\/posts"}],"about":[{"href":"https:\/\/www.sphereit.com.br\/pt_br\/wp-json\/wp\/v2\/types\/post"}],"author":[{"embeddable":true,"href":"https:\/\/www.sphereit.com.br\/pt_br\/wp-json\/wp\/v2\/users\/5"}],"replies":[{"embeddable":true,"href":"https:\/\/www.sphereit.com.br\/pt_br\/wp-json\/wp\/v2\/comments?post=9505"}],"version-history":[{"count":7,"href":"https:\/\/www.sphereit.com.br\/pt_br\/wp-json\/wp\/v2\/posts\/9505\/revisions"}],"predecessor-version":[{"id":9517,"href":"https:\/\/www.sphereit.com.br\/pt_br\/wp-json\/wp\/v2\/posts\/9505\/revisions\/9517"}],"wp:featuredmedia":[{"embeddable":true,"href":"https:\/\/www.sphereit.com.br\/pt_br\/wp-json\/wp\/v2\/media\/9507"}],"wp:attachment":[{"href":"https:\/\/www.sphereit.com.br\/pt_br\/wp-json\/wp\/v2\/media?parent=9505"}],"wp:term":[{"taxonomy":"category","embeddable":true,"href":"https:\/\/www.sphereit.com.br\/pt_br\/wp-json\/wp\/v2\/categories?post=9505"},{"taxonomy":"post_tag","embeddable":true,"href":"https:\/\/www.sphereit.com.br\/pt_br\/wp-json\/wp\/v2\/tags?post=9505"}],"curies":[{"name":"wp","href":"https:\/\/api.w.org\/{rel}","templated":true}]}}