{"id":10269,"date":"2026-03-16T13:54:24","date_gmt":"2026-03-16T16:54:24","guid":{"rendered":"https:\/\/www.sphereit.com.br\/?p=10269"},"modified":"2026-03-16T14:01:02","modified_gmt":"2026-03-16T17:01:02","slug":"cibersegurana-como-cultura-organizacional","status":"publish","type":"post","link":"https:\/\/www.sphereit.com.br\/pt_br\/news\/cibersegurana-como-cultura-organizacional\/","title":{"rendered":"Ciberseguran\u00e7a como cultura organizacional"},"content":{"rendered":"<p>[et_pb_section fb_built=&#8221;1&#8243; custom_padding_last_edited=&#8221;on|phone&#8221; admin_label=&#8221;Header &#8211; N\u00c3O EDITAR&#8221; _builder_version=&#8221;4.27.4&#8243; use_background_color_gradient=&#8221;on&#8221; background_color_gradient_type=&#8221;circular&#8221; background_color_gradient_stops=&#8221;#004183 0%|#001f4c 100%&#8221; background_color_gradient_start=&#8221;#004183&#8243; background_color_gradient_end=&#8221;#001f4c&#8221; background_image=&#8221;https:\/\/www.sphereit.com.br\/wp-content\/uploads\/2025\/05\/banner-site_2-scaled.jpg&#8221; parallax=&#8221;on&#8221; custom_padding=&#8221;10vw||64px|||&#8221; custom_padding_tablet=&#8221;&#8221; custom_padding_phone=&#8221;23vw||64px||false|false&#8221; bottom_divider_color=&#8221;#f1fafe&#8221; bottom_divider_height=&#8221;40px&#8221; bottom_divider_flip=&#8221;vertical&#8221; da_disable_devices=&#8221;off|off|off&#8221; locked=&#8221;off&#8221; global_colors_info=&#8221;{}&#8221; da_is_popup=&#8221;off&#8221; da_exit_intent=&#8221;off&#8221; da_has_close=&#8221;on&#8221; da_alt_close=&#8221;off&#8221; da_dark_close=&#8221;off&#8221; da_not_modal=&#8221;on&#8221; da_is_singular=&#8221;off&#8221; da_with_loader=&#8221;off&#8221; da_has_shadow=&#8221;on&#8221;][et_pb_row _builder_version=&#8221;4.16&#8243; z_index=&#8221;1&#8243; custom_margin=&#8221;-104px|auto||auto||&#8221; global_colors_info=&#8221;{}&#8221;][et_pb_column type=&#8221;4_4&#8243; _builder_version=&#8221;4.16&#8243; global_colors_info=&#8221;{}&#8221;][et_pb_post_title author=&#8221;off&#8221; date_format=&#8221;d\/m\/Y&#8221; comments=&#8221;off&#8221; featured_image=&#8221;off&#8221; _builder_version=&#8221;4.27.4&#8243; title_font=&#8221;eurostile|700|||||||&#8221; title_text_align=&#8221;center&#8221; title_text_color=&#8221;#ffffff&#8221; title_font_size=&#8221;33px&#8221; title_line_height=&#8221;1.4em&#8221; meta_font=&#8221;||||||||&#8221; meta_text_align=&#8221;center&#8221; meta_text_color=&#8221;#ffffff&#8221; meta_font_size=&#8221;18px&#8221; text_orientation=&#8221;center&#8221; global_colors_info=&#8221;{}&#8221;][\/et_pb_post_title][\/et_pb_column][\/et_pb_row][\/et_pb_section][et_pb_section fb_built=&#8221;1&#8243; admin_label=&#8221;EDITAR AQUI&#8221; _builder_version=&#8221;4.17.4&#8243; background_color=&#8221;#f1fafe&#8221; z_index=&#8221;10&#8243; custom_padding=&#8221;54px|||||&#8221; bottom_divider_height=&#8221;26vw&#8221; bottom_divider_flip=&#8221;horizontal&#8221; da_disable_devices=&#8221;off|off|off&#8221; locked=&#8221;off&#8221; global_colors_info=&#8221;{}&#8221; da_is_popup=&#8221;off&#8221; da_exit_intent=&#8221;off&#8221; da_has_close=&#8221;on&#8221; da_alt_close=&#8221;off&#8221; da_dark_close=&#8221;off&#8221; da_not_modal=&#8221;on&#8221; da_is_singular=&#8221;off&#8221; da_with_loader=&#8221;off&#8221; da_has_shadow=&#8221;on&#8221;][et_pb_row _builder_version=&#8221;4.17.4&#8243; custom_padding=&#8221;9px|||0px||&#8221; global_colors_info=&#8221;{}&#8221;][et_pb_column type=&#8221;4_4&#8243; _builder_version=&#8221;4.16&#8243; global_colors_info=&#8221;{}&#8221;][et_pb_text admin_label=&#8221;Texto&#8221; _builder_version=&#8221;4.27.6&#8243; text_font=&#8221;eurostile||||||||&#8221; text_text_color=&#8221;#4C4832&#8243; text_font_size=&#8221;16px&#8221; text_orientation=&#8221;justified&#8221; width=&#8221;100%&#8221; custom_padding=&#8221;||75px|||&#8221; inline_fonts=&#8221;eurostile&#8221; global_colors_info=&#8221;{}&#8221;]<\/p>\n<p style=\"text-align: justify;\"><img loading=\"lazy\" decoding=\"async\" src=\"https:\/\/www.sphereit.com.br\/wp-content\/uploads\/2026\/03\/BANNER-SITE-2560X1174px-1024x470.jpg\" width=\"1024\" height=\"470\" alt=\"\" class=\"wp-image-10270 alignnone size-large\" srcset=\"https:\/\/www.sphereit.com.br\/wp-content\/uploads\/2026\/03\/BANNER-SITE-2560X1174px-980x449.jpg 980w, https:\/\/www.sphereit.com.br\/wp-content\/uploads\/2026\/03\/BANNER-SITE-2560X1174px-480x220.jpg 480w\" sizes=\"(min-width: 0px) and (max-width: 480px) 480px, (min-width: 481px) and (max-width: 980px) 980px, (min-width: 981px) 1024px, 100vw\" \/><\/p>\n<p>&nbsp;<\/p>\n<h2 style=\"text-align: left;\">A prote\u00e7\u00e3o digital de uma empresa n\u00e3o depende apenas de sistemas avan\u00e7ados, mas da forma como as pessoas lidam com a informa\u00e7\u00e3o no dia a dia. Ou seja, mais que tecnologia, seguran\u00e7a \u00e9 tamb\u00e9m comportamento!<\/h2>\n<p>&nbsp;<\/p>\n<p>Em muitos ambientes corporativos, ainda existe a ideia de que ciberseguran\u00e7a \u00e9 um tema exclusivamente t\u00e9cnico. Algo que depende de firewalls robustos, antiv\u00edrus atualizados e sistemas sofisticados de monitoramento. Tudo isso \u00e9 importante \u2014 mas est\u00e1 longe de ser suficiente.<\/p>\n<p>A seguran\u00e7a digital de uma empresa come\u00e7a, antes de tudo, nas pessoas. Grande parte dos incidentes de seguran\u00e7a n\u00e3o acontece por falhas tecnol\u00f3gicas complexas, mas por comportamentos cotidianos: um clique em um e-mail suspeito, o uso de senhas fr\u00e1geis, o compartilhamento inadequado de informa\u00e7\u00f5es ou a aus\u00eancia de aten\u00e7\u00e3o a protocolos simples. Em outras palavras, o fator humano continua sendo um dos pontos mais sens\u00edveis da prote\u00e7\u00e3o digital.<\/p>\n<p>Por isso, empresas que tratam ciberseguran\u00e7a apenas como investimento em tecnologia acabam criando uma falsa sensa\u00e7\u00e3o de prote\u00e7\u00e3o. Ferramentas s\u00e3o fundamentais, mas sem uma cultura organizacional orientada para seguran\u00e7a, elas n\u00e3o alcan\u00e7am todo o seu potencial.<\/p>\n<p>Construir essa cultura significa integrar a seguran\u00e7a ao dia a dia da organiza\u00e7\u00e3o. Significa que colaboradores, gestores e parceiros compreendem que suas atitudes t\u00eam impacto direto na prote\u00e7\u00e3o das informa\u00e7\u00f5es da empresa, de seus clientes e de seus processos.<\/p>\n<p>Nesse contexto, a conscientiza\u00e7\u00e3o ganha papel central. Treinamentos peri\u00f3dicos, comunica\u00e7\u00e3o clara sobre boas pr\u00e1ticas e processos simples de reporte de incidentes ajudam a transformar seguran\u00e7a em um h\u00e1bito \u2014 e n\u00e3o apenas em uma regra t\u00e9cnica.<\/p>\n<p>Mais do que evitar ataques, esse movimento fortalece a confian\u00e7a nas rela\u00e7\u00f5es digitais. Todos precisam saber que os dados que circulam entre eles s\u00e3o tratados com responsabilidade. Em um cen\u00e1rio em que a informa\u00e7\u00e3o se tornou um dos ativos mais valiosos das organiza\u00e7\u00f5es, confian\u00e7a \u00e9 tamb\u00e9m um diferencial competitivo.<\/p>\n<p>A \u00e9tica digital passa exatamente por esse compromisso: proteger dados, respeitar a privacidade e agir com responsabilidade no ambiente conectado.<\/p>\n<p>Quando a seguran\u00e7a deixa de ser apenas uma quest\u00e3o de infraestrutura e passa a fazer parte da cultura organizacional, a empresa se torna mais resiliente. Problemas s\u00e3o identificados com mais rapidez, riscos s\u00e3o reduzidos e decis\u00f5es s\u00e3o tomadas com maior consci\u00eancia sobre o impacto digital das a\u00e7\u00f5es.<\/p>\n<p>No fim das contas, tecnologia protege sistemas, mas s\u00e3o as pessoas que sustentam a seguran\u00e7a. E \u00e9 justamente nessa combina\u00e7\u00e3o entre tecnologia, comportamento e responsabilidade que se constr\u00f3i uma verdadeira estrat\u00e9gia de ciberseguran\u00e7a. <\/p>\n<p>[\/et_pb_text][\/et_pb_column][\/et_pb_row][\/et_pb_section][et_pb_section fb_built=&#8221;1&#8243; disabled_on=&#8221;off|off|off&#8221; admin_label=&#8221;Footer&#8221; _builder_version=&#8221;4.27.4&#8243; background_color=&#8221;RGBA(255,255,255,0)&#8221; background_image=&#8221;https:\/\/www.sphereit.com.br\/wp-content\/uploads\/2020\/06\/cyber-security-17.png&#8221; background_enable_image=&#8221;off&#8221; z_index=&#8221;10&#8243; min_height=&#8221;545px&#8221; height=&#8221;446px&#8221; overflow-x=&#8221;visible&#8221; overflow-y=&#8221;visible&#8221; custom_margin=&#8221;-2px||-2px||true|false&#8221; custom_padding=&#8221;||0vw||false|false&#8221; background_color_gradient_stops_tablet=&#8221;#004183 42%|#001f4c 100%&#8221; background_color_gradient_stops_phone=&#8221;#004183 42%|#001f4c 100%&#8221; da_disable_devices=&#8221;off|off|off&#8221; global_module=&#8221;215&#8243; saved_tabs=&#8221;all&#8221; locked=&#8221;off&#8221; global_colors_info=&#8221;{}&#8221; da_is_popup=&#8221;off&#8221; da_exit_intent=&#8221;off&#8221; da_has_close=&#8221;on&#8221; da_alt_close=&#8221;off&#8221; da_dark_close=&#8221;off&#8221; da_not_modal=&#8221;on&#8221; da_is_singular=&#8221;off&#8221; da_with_loader=&#8221;off&#8221; da_has_shadow=&#8221;on&#8221;][et_pb_row make_equal=&#8221;on&#8221; disabled_on=&#8221;on|on|off&#8221; _builder_version=&#8221;4.27.4&#8243; background_color=&#8221;RGBA(255,255,255,0)&#8221; min_height=&#8221;421px&#8221; custom_margin=&#8221;-50px|auto|-2px|auto|false|false&#8221; custom_padding=&#8221;0px||0px||true&#8221; border_radii=&#8221;on|10px|10px|10px|10px&#8221; border_color_all=&#8221;RGBA(255,255,255,0)&#8221; saved_tabs=&#8221;all&#8221; locked=&#8221;off&#8221; global_colors_info=&#8221;{}&#8221;][et_pb_column type=&#8221;4_4&#8243; _builder_version=&#8221;4.16&#8243; custom_padding=&#8221;60px|40px|60px|40px|true|true&#8221; global_colors_info=&#8221;{}&#8221;][et_pb_text admin_label=&#8221;Texto&#8221; _builder_version=&#8221;4.27.4&#8243; text_font=&#8221;||||||||&#8221; text_text_color=&#8221;#22457c&#8221; header_2_font=&#8221;eurostile|900|||||||&#8221; header_2_font_size=&#8221;56px&#8221; header_2_line_height=&#8221;1.1em&#8221; text_orientation=&#8221;center&#8221; width=&#8221;100%&#8221; custom_margin_tablet=&#8221;&#8221; custom_margin_phone=&#8221;-40px||7px||false|false&#8221; custom_margin_last_edited=&#8221;on|phone&#8221; header_2_font_size_tablet=&#8221;38px&#8221; header_2_font_size_phone=&#8221;26px&#8221; header_2_font_size_last_edited=&#8221;on|desktop&#8221; text_text_align=&#8221;center&#8221; locked=&#8221;off&#8221; inline_fonts=&#8221;eurostile&#8221; global_colors_info=&#8221;{}&#8221;]<\/p>\n<h1 style=\"text-align: left;\"><span style=\"color: #22457c; font-family: eurostile; font-weight: normal;\">Fale com nossa equipe<\/span><\/h1>\n<p>[\/et_pb_text][et_pb_blurb title=&#8221;sphere@sphereit.com.br&#8221; use_icon=&#8221;on&#8221; font_icon=&#8221;&#xf0e0;||fa||900&#8243; icon_placement=&#8221;left&#8221; image_icon_width=&#8221;24px&#8221; _builder_version=&#8221;4.27.4&#8243; header_font=&#8221;Overpass|500|||||||&#8221; header_text_align=&#8221;left&#8221; header_text_color=&#8221;#22457c&#8221; header_font_size=&#8221;18px&#8221; header_line_height=&#8221;1.4em&#8221; body_font=&#8221;Overpass|300|||||||&#8221; body_text_align=&#8221;left&#8221; body_text_color=&#8221;#22457c&#8221; body_line_height=&#8221;1.8em&#8221; transform_translate=&#8221;-231px|-10px&#8221; module_alignment=&#8221;left&#8221; custom_margin=&#8221;||0px|0px|false|false&#8221; icon_font_size=&#8221;24px&#8221; locked=&#8221;off&#8221; global_colors_info=&#8221;{}&#8221;][\/et_pb_blurb][et_pb_blurb title=&#8221;Rua Jos\u00e9 Versolato, 111 &#8211; 18\u00ba Andar \u2013 S\u00e3o Bernardo do Campo&#8221; use_icon=&#8221;on&#8221; font_icon=&#8221;&#xe081;||divi||400&#8243; icon_placement=&#8221;left&#8221; image_icon_width=&#8221;24px&#8221; _builder_version=&#8221;4.27.4&#8243; header_font=&#8221;Overpass|500|||||||&#8221; header_text_align=&#8221;left&#8221; header_text_color=&#8221;#22457c&#8221; header_font_size=&#8221;18px&#8221; header_line_height=&#8221;1.4em&#8221; body_font=&#8221;Overpass|300|||||||&#8221; body_text_align=&#8221;left&#8221; body_line_height=&#8221;1.8em&#8221; transform_translate=&#8221;-231px|-10px&#8221; module_alignment=&#8221;left&#8221; custom_margin=&#8221;||0px|0px|false|false&#8221; icon_font_size=&#8221;24px&#8221; locked=&#8221;off&#8221; global_colors_info=&#8221;{}&#8221;][\/et_pb_blurb][et_pb_social_media_follow icon_color=&#8221;#FFFFFF&#8221; _builder_version=&#8221;4.27.4&#8243; custom_margin=&#8221;100px||||false|false&#8221; global_colors_info=&#8221;{}&#8221;][et_pb_social_media_follow_network social_network=&#8221;linkedin&#8221; url=&#8221;https:\/\/www.linkedin.com\/company\/sphere-it-solutions\/&#8221; icon_color=&#8221;#22457c&#8221; _builder_version=&#8221;4.27.4&#8243; background_color=&#8221;#FFFFFF&#8221; background_enable_color=&#8221;on&#8221; border_radii=&#8221;on|22px|22px|22px|22px&#8221; border_width_all=&#8221;2px&#8221; border_color_all=&#8221;#22457c&#8221; global_colors_info=&#8221;{}&#8221; follow_button=&#8221;off&#8221; url_new_window=&#8221;on&#8221;]linkedin[\/et_pb_social_media_follow_network][et_pb_social_media_follow_network social_network=&#8221;facebook&#8221; url=&#8221;https:\/\/www.facebook.com\/sphereitsolutions&#8221; icon_color=&#8221;#004183&#8243; _builder_version=&#8221;4.27.4&#8243; background_color=&#8221;#FFFFFF&#8221; background_enable_color=&#8221;on&#8221; border_radii=&#8221;on|22px|22px|22px|22px&#8221; border_width_all=&#8221;2px&#8221; border_color_all=&#8221;#22457c&#8221; global_colors_info=&#8221;{}&#8221; follow_button=&#8221;off&#8221; url_new_window=&#8221;on&#8221;]facebook[\/et_pb_social_media_follow_network][\/et_pb_social_media_follow][\/et_pb_column][\/et_pb_row][\/et_pb_section]<\/p>\n","protected":false},"excerpt":{"rendered":"<p>Ciberseguran\u00e7a como cultura organizacional<\/p>\n","protected":false},"author":5,"featured_media":10268,"comment_status":"closed","ping_status":"closed","sticky":false,"template":"","format":"standard","meta":{"_et_pb_use_builder":"on","_et_pb_old_content":"","_et_gb_content_width":"","footnotes":""},"categories":[13],"tags":[46],"class_list":["post-10269","post","type-post","status-publish","format-standard","has-post-thumbnail","hentry","category-news","tag-comunicacao"],"yoast_head":"<!-- This site is optimized with the Yoast SEO plugin v27.5 - https:\/\/yoast.com\/product\/yoast-seo-wordpress\/ -->\n<title>Ciberseguran\u00e7a como cultura organizacional<\/title>\n<meta name=\"description\" content=\"Ciberseguran\u00e7a vai al\u00e9m da tecnologia. Entenda por que comportamento, cultura organizacional e \u00e9tica digital s\u00e3o essenciais para proteger dados e sistemas.\" \/>\n<meta name=\"robots\" content=\"index, follow, max-snippet:-1, max-image-preview:large, max-video-preview:-1\" \/>\n<link rel=\"canonical\" href=\"https:\/\/www.sphereit.com.br\/pt_br\/news\/cibersegurana-como-cultura-organizacional\/\" \/>\n<meta property=\"og:locale\" content=\"pt_BR\" \/>\n<meta property=\"og:type\" content=\"article\" \/>\n<meta property=\"og:title\" content=\"Ciberseguran\u00e7a como cultura organizacional\" \/>\n<meta property=\"og:description\" content=\"Ciberseguran\u00e7a vai al\u00e9m da tecnologia. Entenda por que comportamento, cultura organizacional e \u00e9tica digital s\u00e3o essenciais para proteger dados e sistemas.\" \/>\n<meta property=\"og:url\" content=\"https:\/\/www.sphereit.com.br\/pt_br\/news\/cibersegurana-como-cultura-organizacional\/\" \/>\n<meta property=\"og:site_name\" content=\"Sphereit\" \/>\n<meta property=\"article:published_time\" content=\"2026-03-16T16:54:24+00:00\" \/>\n<meta property=\"article:modified_time\" content=\"2026-03-16T17:01:02+00:00\" \/>\n<meta property=\"og:image\" content=\"https:\/\/www.sphereit.com.br\/wp-content\/uploads\/2026\/03\/BANNER-EMAIL-MKT_IMAGEM-DESTACADA_1200X550px-scaled.jpg\" \/>\n\t<meta property=\"og:image:width\" content=\"2560\" \/>\n\t<meta property=\"og:image:height\" content=\"1174\" \/>\n\t<meta property=\"og:image:type\" content=\"image\/jpeg\" \/>\n<meta name=\"author\" content=\"Victor Forjaz\" \/>\n<meta name=\"twitter:card\" content=\"summary_large_image\" \/>\n<meta name=\"twitter:label1\" content=\"Escrito por\" \/>\n\t<meta name=\"twitter:data1\" content=\"Victor Forjaz\" \/>\n\t<meta name=\"twitter:label2\" content=\"Est. tempo de leitura\" \/>\n\t<meta name=\"twitter:data2\" content=\"3 minutos\" \/>\n<script type=\"application\/ld+json\" class=\"yoast-schema-graph\">{\"@context\":\"https:\\\/\\\/schema.org\",\"@graph\":[{\"@type\":\"Article\",\"@id\":\"https:\\\/\\\/www.sphereit.com.br\\\/news\\\/cibersegurana-como-cultura-organizacional\\\/#article\",\"isPartOf\":{\"@id\":\"https:\\\/\\\/www.sphereit.com.br\\\/news\\\/cibersegurana-como-cultura-organizacional\\\/\"},\"author\":{\"name\":\"Victor Forjaz\",\"@id\":\"https:\\\/\\\/www.sphereit.com.br\\\/pt_br\\\/#\\\/schema\\\/person\\\/4fecc9d33151bd9b8a8896cb296d1d9b\"},\"headline\":\"Ciberseguran\u00e7a como cultura organizacional\",\"datePublished\":\"2026-03-16T16:54:24+00:00\",\"dateModified\":\"2026-03-16T17:01:02+00:00\",\"mainEntityOfPage\":{\"@id\":\"https:\\\/\\\/www.sphereit.com.br\\\/news\\\/cibersegurana-como-cultura-organizacional\\\/\"},\"wordCount\":1432,\"image\":{\"@id\":\"https:\\\/\\\/www.sphereit.com.br\\\/news\\\/cibersegurana-como-cultura-organizacional\\\/#primaryimage\"},\"thumbnailUrl\":\"https:\\\/\\\/www.sphereit.com.br\\\/wp-content\\\/uploads\\\/2026\\\/03\\\/BANNER-EMAIL-MKT_IMAGEM-DESTACADA_1200X550px-scaled.jpg\",\"keywords\":[\"Comunica\u00e7\u00e3o.\"],\"articleSection\":[\"News\"],\"inLanguage\":\"pt-BR\"},{\"@type\":\"WebPage\",\"@id\":\"https:\\\/\\\/www.sphereit.com.br\\\/news\\\/cibersegurana-como-cultura-organizacional\\\/\",\"url\":\"https:\\\/\\\/www.sphereit.com.br\\\/news\\\/cibersegurana-como-cultura-organizacional\\\/\",\"name\":\"Ciberseguran\u00e7a como cultura organizacional\",\"isPartOf\":{\"@id\":\"https:\\\/\\\/www.sphereit.com.br\\\/pt_br\\\/#website\"},\"primaryImageOfPage\":{\"@id\":\"https:\\\/\\\/www.sphereit.com.br\\\/news\\\/cibersegurana-como-cultura-organizacional\\\/#primaryimage\"},\"image\":{\"@id\":\"https:\\\/\\\/www.sphereit.com.br\\\/news\\\/cibersegurana-como-cultura-organizacional\\\/#primaryimage\"},\"thumbnailUrl\":\"https:\\\/\\\/www.sphereit.com.br\\\/wp-content\\\/uploads\\\/2026\\\/03\\\/BANNER-EMAIL-MKT_IMAGEM-DESTACADA_1200X550px-scaled.jpg\",\"datePublished\":\"2026-03-16T16:54:24+00:00\",\"dateModified\":\"2026-03-16T17:01:02+00:00\",\"author\":{\"@id\":\"https:\\\/\\\/www.sphereit.com.br\\\/pt_br\\\/#\\\/schema\\\/person\\\/4fecc9d33151bd9b8a8896cb296d1d9b\"},\"description\":\"Ciberseguran\u00e7a vai al\u00e9m da tecnologia. Entenda por que comportamento, cultura organizacional e \u00e9tica digital s\u00e3o essenciais para proteger dados e sistemas.\",\"breadcrumb\":{\"@id\":\"https:\\\/\\\/www.sphereit.com.br\\\/news\\\/cibersegurana-como-cultura-organizacional\\\/#breadcrumb\"},\"inLanguage\":\"pt-BR\",\"potentialAction\":[{\"@type\":\"ReadAction\",\"target\":[\"https:\\\/\\\/www.sphereit.com.br\\\/news\\\/cibersegurana-como-cultura-organizacional\\\/\"]}]},{\"@type\":\"ImageObject\",\"inLanguage\":\"pt-BR\",\"@id\":\"https:\\\/\\\/www.sphereit.com.br\\\/news\\\/cibersegurana-como-cultura-organizacional\\\/#primaryimage\",\"url\":\"https:\\\/\\\/www.sphereit.com.br\\\/wp-content\\\/uploads\\\/2026\\\/03\\\/BANNER-EMAIL-MKT_IMAGEM-DESTACADA_1200X550px-scaled.jpg\",\"contentUrl\":\"https:\\\/\\\/www.sphereit.com.br\\\/wp-content\\\/uploads\\\/2026\\\/03\\\/BANNER-EMAIL-MKT_IMAGEM-DESTACADA_1200X550px-scaled.jpg\",\"width\":2560,\"height\":1174},{\"@type\":\"BreadcrumbList\",\"@id\":\"https:\\\/\\\/www.sphereit.com.br\\\/news\\\/cibersegurana-como-cultura-organizacional\\\/#breadcrumb\",\"itemListElement\":[{\"@type\":\"ListItem\",\"position\":1,\"name\":\"In\u00edcio\",\"item\":\"https:\\\/\\\/www.sphereit.com.br\\\/pt_br\\\/\"},{\"@type\":\"ListItem\",\"position\":2,\"name\":\"Ciberseguran\u00e7a como cultura organizacional\"}]},{\"@type\":\"WebSite\",\"@id\":\"https:\\\/\\\/www.sphereit.com.br\\\/pt_br\\\/#website\",\"url\":\"https:\\\/\\\/www.sphereit.com.br\\\/pt_br\\\/\",\"name\":\"Sphereit\",\"description\":\"Sphere IT Solutions\",\"potentialAction\":[{\"@type\":\"SearchAction\",\"target\":{\"@type\":\"EntryPoint\",\"urlTemplate\":\"https:\\\/\\\/www.sphereit.com.br\\\/pt_br\\\/?s={search_term_string}\"},\"query-input\":{\"@type\":\"PropertyValueSpecification\",\"valueRequired\":true,\"valueName\":\"search_term_string\"}}],\"inLanguage\":\"pt-BR\"},{\"@type\":\"Person\",\"@id\":\"https:\\\/\\\/www.sphereit.com.br\\\/pt_br\\\/#\\\/schema\\\/person\\\/4fecc9d33151bd9b8a8896cb296d1d9b\",\"name\":\"Victor Forjaz\",\"image\":{\"@type\":\"ImageObject\",\"inLanguage\":\"pt-BR\",\"@id\":\"https:\\\/\\\/secure.gravatar.com\\\/avatar\\\/422b61dacf29c33cdd97aee55dee434118ab593b8f7167ac914e4560aa85f8b1?s=96&d=mm&r=g\",\"url\":\"https:\\\/\\\/secure.gravatar.com\\\/avatar\\\/422b61dacf29c33cdd97aee55dee434118ab593b8f7167ac914e4560aa85f8b1?s=96&d=mm&r=g\",\"contentUrl\":\"https:\\\/\\\/secure.gravatar.com\\\/avatar\\\/422b61dacf29c33cdd97aee55dee434118ab593b8f7167ac914e4560aa85f8b1?s=96&d=mm&r=g\",\"caption\":\"Victor Forjaz\"}}]}<\/script>\n<!-- \/ Yoast SEO plugin. -->","yoast_head_json":{"title":"Ciberseguran\u00e7a como cultura organizacional","description":"Ciberseguran\u00e7a vai al\u00e9m da tecnologia. Entenda por que comportamento, cultura organizacional e \u00e9tica digital s\u00e3o essenciais para proteger dados e sistemas.","robots":{"index":"index","follow":"follow","max-snippet":"max-snippet:-1","max-image-preview":"max-image-preview:large","max-video-preview":"max-video-preview:-1"},"canonical":"https:\/\/www.sphereit.com.br\/pt_br\/news\/cibersegurana-como-cultura-organizacional\/","og_locale":"pt_BR","og_type":"article","og_title":"Ciberseguran\u00e7a como cultura organizacional","og_description":"Ciberseguran\u00e7a vai al\u00e9m da tecnologia. Entenda por que comportamento, cultura organizacional e \u00e9tica digital s\u00e3o essenciais para proteger dados e sistemas.","og_url":"https:\/\/www.sphereit.com.br\/pt_br\/news\/cibersegurana-como-cultura-organizacional\/","og_site_name":"Sphereit","article_published_time":"2026-03-16T16:54:24+00:00","article_modified_time":"2026-03-16T17:01:02+00:00","og_image":[{"width":2560,"height":1174,"url":"https:\/\/www.sphereit.com.br\/wp-content\/uploads\/2026\/03\/BANNER-EMAIL-MKT_IMAGEM-DESTACADA_1200X550px-scaled.jpg","type":"image\/jpeg"}],"author":"Victor Forjaz","twitter_card":"summary_large_image","twitter_misc":{"Escrito por":"Victor Forjaz","Est. tempo de leitura":"3 minutos"},"schema":{"@context":"https:\/\/schema.org","@graph":[{"@type":"Article","@id":"https:\/\/www.sphereit.com.br\/news\/cibersegurana-como-cultura-organizacional\/#article","isPartOf":{"@id":"https:\/\/www.sphereit.com.br\/news\/cibersegurana-como-cultura-organizacional\/"},"author":{"name":"Victor Forjaz","@id":"https:\/\/www.sphereit.com.br\/pt_br\/#\/schema\/person\/4fecc9d33151bd9b8a8896cb296d1d9b"},"headline":"Ciberseguran\u00e7a como cultura organizacional","datePublished":"2026-03-16T16:54:24+00:00","dateModified":"2026-03-16T17:01:02+00:00","mainEntityOfPage":{"@id":"https:\/\/www.sphereit.com.br\/news\/cibersegurana-como-cultura-organizacional\/"},"wordCount":1432,"image":{"@id":"https:\/\/www.sphereit.com.br\/news\/cibersegurana-como-cultura-organizacional\/#primaryimage"},"thumbnailUrl":"https:\/\/www.sphereit.com.br\/wp-content\/uploads\/2026\/03\/BANNER-EMAIL-MKT_IMAGEM-DESTACADA_1200X550px-scaled.jpg","keywords":["Comunica\u00e7\u00e3o."],"articleSection":["News"],"inLanguage":"pt-BR"},{"@type":"WebPage","@id":"https:\/\/www.sphereit.com.br\/news\/cibersegurana-como-cultura-organizacional\/","url":"https:\/\/www.sphereit.com.br\/news\/cibersegurana-como-cultura-organizacional\/","name":"Ciberseguran\u00e7a como cultura organizacional","isPartOf":{"@id":"https:\/\/www.sphereit.com.br\/pt_br\/#website"},"primaryImageOfPage":{"@id":"https:\/\/www.sphereit.com.br\/news\/cibersegurana-como-cultura-organizacional\/#primaryimage"},"image":{"@id":"https:\/\/www.sphereit.com.br\/news\/cibersegurana-como-cultura-organizacional\/#primaryimage"},"thumbnailUrl":"https:\/\/www.sphereit.com.br\/wp-content\/uploads\/2026\/03\/BANNER-EMAIL-MKT_IMAGEM-DESTACADA_1200X550px-scaled.jpg","datePublished":"2026-03-16T16:54:24+00:00","dateModified":"2026-03-16T17:01:02+00:00","author":{"@id":"https:\/\/www.sphereit.com.br\/pt_br\/#\/schema\/person\/4fecc9d33151bd9b8a8896cb296d1d9b"},"description":"Ciberseguran\u00e7a vai al\u00e9m da tecnologia. Entenda por que comportamento, cultura organizacional e \u00e9tica digital s\u00e3o essenciais para proteger dados e sistemas.","breadcrumb":{"@id":"https:\/\/www.sphereit.com.br\/news\/cibersegurana-como-cultura-organizacional\/#breadcrumb"},"inLanguage":"pt-BR","potentialAction":[{"@type":"ReadAction","target":["https:\/\/www.sphereit.com.br\/news\/cibersegurana-como-cultura-organizacional\/"]}]},{"@type":"ImageObject","inLanguage":"pt-BR","@id":"https:\/\/www.sphereit.com.br\/news\/cibersegurana-como-cultura-organizacional\/#primaryimage","url":"https:\/\/www.sphereit.com.br\/wp-content\/uploads\/2026\/03\/BANNER-EMAIL-MKT_IMAGEM-DESTACADA_1200X550px-scaled.jpg","contentUrl":"https:\/\/www.sphereit.com.br\/wp-content\/uploads\/2026\/03\/BANNER-EMAIL-MKT_IMAGEM-DESTACADA_1200X550px-scaled.jpg","width":2560,"height":1174},{"@type":"BreadcrumbList","@id":"https:\/\/www.sphereit.com.br\/news\/cibersegurana-como-cultura-organizacional\/#breadcrumb","itemListElement":[{"@type":"ListItem","position":1,"name":"In\u00edcio","item":"https:\/\/www.sphereit.com.br\/pt_br\/"},{"@type":"ListItem","position":2,"name":"Ciberseguran\u00e7a como cultura organizacional"}]},{"@type":"WebSite","@id":"https:\/\/www.sphereit.com.br\/pt_br\/#website","url":"https:\/\/www.sphereit.com.br\/pt_br\/","name":"Sphereit","description":"Sphere IT Solutions","potentialAction":[{"@type":"SearchAction","target":{"@type":"EntryPoint","urlTemplate":"https:\/\/www.sphereit.com.br\/pt_br\/?s={search_term_string}"},"query-input":{"@type":"PropertyValueSpecification","valueRequired":true,"valueName":"search_term_string"}}],"inLanguage":"pt-BR"},{"@type":"Person","@id":"https:\/\/www.sphereit.com.br\/pt_br\/#\/schema\/person\/4fecc9d33151bd9b8a8896cb296d1d9b","name":"Victor Forjaz","image":{"@type":"ImageObject","inLanguage":"pt-BR","@id":"https:\/\/secure.gravatar.com\/avatar\/422b61dacf29c33cdd97aee55dee434118ab593b8f7167ac914e4560aa85f8b1?s=96&d=mm&r=g","url":"https:\/\/secure.gravatar.com\/avatar\/422b61dacf29c33cdd97aee55dee434118ab593b8f7167ac914e4560aa85f8b1?s=96&d=mm&r=g","contentUrl":"https:\/\/secure.gravatar.com\/avatar\/422b61dacf29c33cdd97aee55dee434118ab593b8f7167ac914e4560aa85f8b1?s=96&d=mm&r=g","caption":"Victor Forjaz"}}]}},"_links":{"self":[{"href":"https:\/\/www.sphereit.com.br\/pt_br\/wp-json\/wp\/v2\/posts\/10269","targetHints":{"allow":["GET"]}}],"collection":[{"href":"https:\/\/www.sphereit.com.br\/pt_br\/wp-json\/wp\/v2\/posts"}],"about":[{"href":"https:\/\/www.sphereit.com.br\/pt_br\/wp-json\/wp\/v2\/types\/post"}],"author":[{"embeddable":true,"href":"https:\/\/www.sphereit.com.br\/pt_br\/wp-json\/wp\/v2\/users\/5"}],"replies":[{"embeddable":true,"href":"https:\/\/www.sphereit.com.br\/pt_br\/wp-json\/wp\/v2\/comments?post=10269"}],"version-history":[{"count":3,"href":"https:\/\/www.sphereit.com.br\/pt_br\/wp-json\/wp\/v2\/posts\/10269\/revisions"}],"predecessor-version":[{"id":10275,"href":"https:\/\/www.sphereit.com.br\/pt_br\/wp-json\/wp\/v2\/posts\/10269\/revisions\/10275"}],"wp:featuredmedia":[{"embeddable":true,"href":"https:\/\/www.sphereit.com.br\/pt_br\/wp-json\/wp\/v2\/media\/10268"}],"wp:attachment":[{"href":"https:\/\/www.sphereit.com.br\/pt_br\/wp-json\/wp\/v2\/media?parent=10269"}],"wp:term":[{"taxonomy":"category","embeddable":true,"href":"https:\/\/www.sphereit.com.br\/pt_br\/wp-json\/wp\/v2\/categories?post=10269"},{"taxonomy":"post_tag","embeddable":true,"href":"https:\/\/www.sphereit.com.br\/pt_br\/wp-json\/wp\/v2\/tags?post=10269"}],"curies":[{"name":"wp","href":"https:\/\/api.w.org\/{rel}","templated":true}]}}