{"id":10179,"date":"2025-11-13T15:58:11","date_gmt":"2025-11-13T18:58:11","guid":{"rendered":"https:\/\/www.sphereit.com.br\/?p=10179"},"modified":"2025-12-19T20:04:55","modified_gmt":"2025-12-19T23:04:55","slug":"reconhecimento-e-valorizacao-profissional","status":"publish","type":"post","link":"https:\/\/www.sphereit.com.br\/pt_br\/news\/reconhecimento-e-valorizacao-profissional\/","title":{"rendered":"Reconhecimento e valoriza\u00e7\u00e3o profissional"},"content":{"rendered":"[et_pb_section fb_built=&#8221;1&#8243; custom_padding_last_edited=&#8221;on|phone&#8221; admin_label=&#8221;Header &#8211; N\u00c3O EDITAR&#8221; _builder_version=&#8221;4.27.4&#8243; use_background_color_gradient=&#8221;on&#8221; background_color_gradient_type=&#8221;circular&#8221; background_color_gradient_stops=&#8221;#004183 0%|#001f4c 100%&#8221; background_color_gradient_start=&#8221;#004183&#8243; background_color_gradient_end=&#8221;#001f4c&#8221; background_image=&#8221;https:\/\/www.sphereit.com.br\/wp-content\/uploads\/2025\/05\/banner-site_2-scaled.jpg&#8221; parallax=&#8221;on&#8221; custom_padding=&#8221;10vw||64px|||&#8221; custom_padding_tablet=&#8221;&#8221; custom_padding_phone=&#8221;23vw||64px||false|false&#8221; bottom_divider_color=&#8221;#f1fafe&#8221; bottom_divider_height=&#8221;40px&#8221; bottom_divider_flip=&#8221;vertical&#8221; da_disable_devices=&#8221;off|off|off&#8221; locked=&#8221;off&#8221; global_colors_info=&#8221;{}&#8221; da_is_popup=&#8221;off&#8221; da_exit_intent=&#8221;off&#8221; da_has_close=&#8221;on&#8221; da_alt_close=&#8221;off&#8221; da_dark_close=&#8221;off&#8221; da_not_modal=&#8221;on&#8221; da_is_singular=&#8221;off&#8221; da_with_loader=&#8221;off&#8221; da_has_shadow=&#8221;on&#8221;][et_pb_row _builder_version=&#8221;4.16&#8243; z_index=&#8221;1&#8243; custom_margin=&#8221;-104px|auto||auto||&#8221; global_colors_info=&#8221;{}&#8221;][et_pb_column type=&#8221;4_4&#8243; _builder_version=&#8221;4.16&#8243; global_colors_info=&#8221;{}&#8221;][et_pb_post_title author=&#8221;off&#8221; date_format=&#8221;d\/m\/Y&#8221; comments=&#8221;off&#8221; featured_image=&#8221;off&#8221; _builder_version=&#8221;4.27.4&#8243; title_font=&#8221;eurostile|700|||||||&#8221; title_text_align=&#8221;center&#8221; title_text_color=&#8221;#ffffff&#8221; title_font_size=&#8221;33px&#8221; title_line_height=&#8221;1.4em&#8221; meta_font=&#8221;||||||||&#8221; meta_text_align=&#8221;center&#8221; meta_text_color=&#8221;#ffffff&#8221; meta_font_size=&#8221;18px&#8221; text_orientation=&#8221;center&#8221; global_colors_info=&#8221;{}&#8221;][\/et_pb_post_title][\/et_pb_column][\/et_pb_row][\/et_pb_section][et_pb_section fb_built=&#8221;1&#8243; admin_label=&#8221;EDITAR AQUI&#8221; _builder_version=&#8221;4.17.4&#8243; background_color=&#8221;#f1fafe&#8221; z_index=&#8221;10&#8243; custom_padding=&#8221;54px|||||&#8221; bottom_divider_height=&#8221;26vw&#8221; bottom_divider_flip=&#8221;horizontal&#8221; da_disable_devices=&#8221;off|off|off&#8221; locked=&#8221;off&#8221; global_colors_info=&#8221;{}&#8221; da_is_popup=&#8221;off&#8221; da_exit_intent=&#8221;off&#8221; da_has_close=&#8221;on&#8221; da_alt_close=&#8221;off&#8221; da_dark_close=&#8221;off&#8221; da_not_modal=&#8221;on&#8221; da_is_singular=&#8221;off&#8221; da_with_loader=&#8221;off&#8221; da_has_shadow=&#8221;on&#8221;][et_pb_row _builder_version=&#8221;4.17.4&#8243; custom_padding=&#8221;9px|||0px||&#8221; global_colors_info=&#8221;{}&#8221;][et_pb_column type=&#8221;4_4&#8243; _builder_version=&#8221;4.16&#8243; global_colors_info=&#8221;{}&#8221;][et_pb_text admin_label=&#8221;Texto&#8221; _builder_version=&#8221;4.27.4&#8243; text_font=&#8221;eurostile||||||||&#8221; text_text_color=&#8221;#4C4832&#8243; text_font_size=&#8221;16px&#8221; text_orientation=&#8221;justified&#8221; width=&#8221;100%&#8221; custom_padding=&#8221;||75px|||&#8221; inline_fonts=&#8221;eurostile&#8221; global_colors_info=&#8221;{}&#8221;]\n<p style=\"text-align: justify;\"><img decoding=\"async\" src=\"https:\/\/www.sphereit.com.br\/wp-content\/uploads\/2025\/11\/BANNER-SITE_NOV_2560X1174px-1024x470.jpg\" width=\"1024\" height=\"470\" alt=\"banner site\" class=\"wp-image-10182 alignnone size-large\" srcset=\"https:\/\/www.sphereit.com.br\/wp-content\/uploads\/2025\/11\/BANNER-SITE_NOV_2560X1174px-980x449.jpg 980w, https:\/\/www.sphereit.com.br\/wp-content\/uploads\/2025\/11\/BANNER-SITE_NOV_2560X1174px-480x220.jpg 480w\" sizes=\"(min-width: 0px) and (max-width: 480px) 480px, (min-width: 481px) and (max-width: 980px) 980px, (min-width: 981px) 1024px, 100vw\" \/><\/p>\n<p>&nbsp;<\/p>\n<h2 style=\"text-align: left;\"><strong>Reconhecer e valorizar as conquistas individuais e coletivas dos colaboradores fortalece as equipes e gera ambientes de trabalho mais positivos.<\/strong><\/h2>\n<p><strong><\/strong><\/p>\n<p><strong><\/strong><\/p>\n<p>Reconhecer e valorizar os colaboradores \u00e9 essencial para as empresas por promover a reten\u00e7\u00e3o de talentos, aumentar a produtividade e o engajamento dos profissionais. O reconhecimento dos acertos do trabalho propriamente dito e, mais, a valoriza\u00e7\u00e3o do capital humano tornam as equipes motivadas e alinhadas com os objetivos das empresas.<\/p>\n<p style=\"font-weight: 400;\">Esses dois feedbacks, por\u00e9m, embora pare\u00e7am iguais, s\u00e3o claramente distintos.<\/p>\n<p style=\"font-weight: 400;\"><strong>Reconhecimento, valoriza\u00e7\u00e3o e suas diferen\u00e7as<\/strong><\/p>\n<p style=\"font-weight: 400;\">O <strong>reconhecimento<\/strong> acontece quando gestores e lideran\u00e7as entendem os esfor\u00e7os e avan\u00e7os dos colaboradores e reagem positivamente, gratificando-os pelas metas alcan\u00e7adas com elogios, agradecimentos, pr\u00eamios e recompensas, medidas que estimulam a autoestima e a sensa\u00e7\u00e3o de pertencimento.<\/p>\n<p style=\"font-weight: 400;\">Por sua vez, a <strong>valoriza\u00e7\u00e3o<\/strong> n\u00e3o est\u00e1 relacionada a um resultado espec\u00edfico de desempenho, mas ao valor do indiv\u00edduo, \u00e0 import\u00e2ncia do funcion\u00e1rio enquanto capital humano. A valoriza\u00e7\u00e3o consiste menos em recompensas e mais na manuten\u00e7\u00e3o de rela\u00e7\u00f5es respeitosas, confi\u00e1veis e no suporte cont\u00ednuo dado ao colaborador.<\/p>\n<p style=\"font-weight: 400;\">Algumas das principais estrat\u00e9gias de valoriza\u00e7\u00e3o envolvem a cria\u00e7\u00e3o de ambientes saud\u00e1veis; pol\u00edticas pautadas no respeito m\u00fatuo; nas oportunidades de crescimento, na aprendizagem cont\u00ednua, na capacita\u00e7\u00e3o e atualiza\u00e7\u00e3o profissional. Isto porque o mercado est\u00e1 em constante evolu\u00e7\u00e3o e a competitividade empresarial exige equipes diferenciadas e qualificadas.<\/p>\n<p style=\"font-weight: 400;\"><strong>Reconhecimento, valoriza\u00e7\u00e3o e lideran\u00e7a<\/strong><\/p>\n<p style=\"font-weight: 400;\">A lideran\u00e7a desempenha papel fundamental no reconhecimento dos colaboradores. Com a implanta\u00e7\u00e3o de programas de motiva\u00e7\u00e3o e desempenho de baixo investimento e alto impacto \u00e9 poss\u00edvel promover mudan\u00e7as na cultura organizacional, a partir de crit\u00e9rios previamente estabelecidos como:<\/p>\n<ul>\n<li style=\"font-weight: 400;\">\u00a0cria\u00e7\u00e3o de equipes diversificadas<\/li>\n<li style=\"font-weight: 400;\">comunica\u00e7\u00e3o clara sobre o que se espera de cada profissional;<\/li>\n<li style=\"font-weight: 400;\">defini\u00e7\u00e3o dos comportamentos que ser\u00e3o incentivados e recompensados;<\/li>\n<\/ul>\n<p style=\"font-weight: 400;\"><span>\u00a0<\/span><strong>Reconhecimento, valoriza\u00e7\u00e3o e satisfa\u00e7\u00e3o <\/strong><\/p>\n<p style=\"font-weight: 400;\">A satisfa\u00e7\u00e3o no trabalho \u00e9 significativamente maior em organiza\u00e7\u00f5es que implementam o reconhecimento e a valoriza\u00e7\u00e3o profissional, o que demonstra a efic\u00e1cia dessa estrat\u00e9gia de gest\u00e3o. Implementar tais pr\u00e1ticas n\u00e3o \u00e9 apenas ben\u00e9fico, mas necess\u00e1rio para que as empresas colham os frutos de uma for\u00e7a de trabalho verdadeiramente comprometida.<\/p>\n<p style=\"font-weight: 400;\">Estudos apontam que empresas que implementam programas de reconhecimento e valoriza\u00e7\u00e3o efetivos e regulares apresentam taxas consideravelmente mais altas de reten\u00e7\u00e3o de talentos e de esp\u00edrito colaborativo.<\/p>\n[\/et_pb_text][\/et_pb_column][\/et_pb_row][\/et_pb_section][et_pb_section fb_built=&#8221;1&#8243; disabled_on=&#8221;off|off|off&#8221; admin_label=&#8221;Footer&#8221; _builder_version=&#8221;4.27.4&#8243; background_color=&#8221;RGBA(255,255,255,0)&#8221; background_image=&#8221;https:\/\/www.sphereit.com.br\/wp-content\/uploads\/2020\/06\/cyber-security-17.png&#8221; background_enable_image=&#8221;off&#8221; z_index=&#8221;10&#8243; min_height=&#8221;545px&#8221; height=&#8221;446px&#8221; overflow-x=&#8221;visible&#8221; overflow-y=&#8221;visible&#8221; custom_margin=&#8221;-2px||-2px||true|false&#8221; custom_padding=&#8221;||0vw||false|false&#8221; background_color_gradient_stops_tablet=&#8221;#004183 42%|#001f4c 100%&#8221; background_color_gradient_stops_phone=&#8221;#004183 42%|#001f4c 100%&#8221; da_disable_devices=&#8221;off|off|off&#8221; global_module=&#8221;215&#8243; saved_tabs=&#8221;all&#8221; locked=&#8221;off&#8221; global_colors_info=&#8221;{}&#8221; da_is_popup=&#8221;off&#8221; da_exit_intent=&#8221;off&#8221; da_has_close=&#8221;on&#8221; da_alt_close=&#8221;off&#8221; da_dark_close=&#8221;off&#8221; da_not_modal=&#8221;on&#8221; da_is_singular=&#8221;off&#8221; da_with_loader=&#8221;off&#8221; da_has_shadow=&#8221;on&#8221;][et_pb_row make_equal=&#8221;on&#8221; disabled_on=&#8221;on|on|off&#8221; _builder_version=&#8221;4.27.4&#8243; background_color=&#8221;RGBA(255,255,255,0)&#8221; min_height=&#8221;421px&#8221; custom_margin=&#8221;-50px|auto|-2px|auto|false|false&#8221; custom_padding=&#8221;0px||0px||true&#8221; border_radii=&#8221;on|10px|10px|10px|10px&#8221; border_color_all=&#8221;RGBA(255,255,255,0)&#8221; saved_tabs=&#8221;all&#8221; locked=&#8221;off&#8221; global_colors_info=&#8221;{}&#8221;][et_pb_column type=&#8221;4_4&#8243; _builder_version=&#8221;4.16&#8243; custom_padding=&#8221;60px|40px|60px|40px|true|true&#8221; global_colors_info=&#8221;{}&#8221;][et_pb_text admin_label=&#8221;Texto&#8221; _builder_version=&#8221;4.27.4&#8243; text_font=&#8221;||||||||&#8221; text_text_color=&#8221;#22457c&#8221; header_2_font=&#8221;eurostile|900|||||||&#8221; header_2_font_size=&#8221;56px&#8221; header_2_line_height=&#8221;1.1em&#8221; text_orientation=&#8221;center&#8221; width=&#8221;100%&#8221; custom_margin_tablet=&#8221;&#8221; custom_margin_phone=&#8221;-40px||7px||false|false&#8221; custom_margin_last_edited=&#8221;on|phone&#8221; header_2_font_size_tablet=&#8221;38px&#8221; header_2_font_size_phone=&#8221;26px&#8221; header_2_font_size_last_edited=&#8221;on|desktop&#8221; text_text_align=&#8221;center&#8221; locked=&#8221;off&#8221; inline_fonts=&#8221;eurostile&#8221; global_colors_info=&#8221;{}&#8221;]\n<h1 style=\"text-align: left;\"><span style=\"color: #22457c; font-family: eurostile; font-weight: normal;\">Fale com nossa equipe<\/span><\/h1>\n[\/et_pb_text][et_pb_blurb title=&#8221;sphere@sphereit.com.br&#8221; use_icon=&#8221;on&#8221; font_icon=&#8221;&#xf0e0;||fa||900&#8243; icon_placement=&#8221;left&#8221; image_icon_width=&#8221;24px&#8221; _builder_version=&#8221;4.27.4&#8243; header_font=&#8221;Overpass|500|||||||&#8221; header_text_align=&#8221;left&#8221; header_text_color=&#8221;#22457c&#8221; header_font_size=&#8221;18px&#8221; header_line_height=&#8221;1.4em&#8221; body_font=&#8221;Overpass|300|||||||&#8221; body_text_align=&#8221;left&#8221; body_text_color=&#8221;#22457c&#8221; body_line_height=&#8221;1.8em&#8221; transform_translate=&#8221;-231px|-10px&#8221; module_alignment=&#8221;left&#8221; custom_margin=&#8221;||0px|0px|false|false&#8221; icon_font_size=&#8221;24px&#8221; locked=&#8221;off&#8221; global_colors_info=&#8221;{}&#8221;][\/et_pb_blurb][et_pb_blurb title=&#8221;Rua Jos\u00e9 Versolato, 111 &#8211; 18\u00ba Andar \u2013 S\u00e3o Bernardo do Campo&#8221; use_icon=&#8221;on&#8221; font_icon=&#8221;&#xe081;||divi||400&#8243; icon_placement=&#8221;left&#8221; image_icon_width=&#8221;24px&#8221; _builder_version=&#8221;4.27.4&#8243; header_font=&#8221;Overpass|500|||||||&#8221; header_text_align=&#8221;left&#8221; header_text_color=&#8221;#22457c&#8221; header_font_size=&#8221;18px&#8221; header_line_height=&#8221;1.4em&#8221; body_font=&#8221;Overpass|300|||||||&#8221; body_text_align=&#8221;left&#8221; body_line_height=&#8221;1.8em&#8221; transform_translate=&#8221;-231px|-10px&#8221; module_alignment=&#8221;left&#8221; custom_margin=&#8221;||0px|0px|false|false&#8221; icon_font_size=&#8221;24px&#8221; locked=&#8221;off&#8221; global_colors_info=&#8221;{}&#8221;][\/et_pb_blurb][et_pb_social_media_follow icon_color=&#8221;#FFFFFF&#8221; _builder_version=&#8221;4.27.4&#8243; custom_margin=&#8221;100px||||false|false&#8221; global_colors_info=&#8221;{}&#8221;][et_pb_social_media_follow_network social_network=&#8221;linkedin&#8221; url=&#8221;https:\/\/www.linkedin.com\/company\/sphere-it-solutions\/&#8221; icon_color=&#8221;#22457c&#8221; _builder_version=&#8221;4.27.4&#8243; background_color=&#8221;#FFFFFF&#8221; background_enable_color=&#8221;on&#8221; border_radii=&#8221;on|22px|22px|22px|22px&#8221; border_width_all=&#8221;2px&#8221; border_color_all=&#8221;#22457c&#8221; global_colors_info=&#8221;{}&#8221; follow_button=&#8221;off&#8221; url_new_window=&#8221;on&#8221;]linkedin[\/et_pb_social_media_follow_network][et_pb_social_media_follow_network social_network=&#8221;facebook&#8221; url=&#8221;https:\/\/www.facebook.com\/sphereitsolutions&#8221; icon_color=&#8221;#004183&#8243; _builder_version=&#8221;4.27.4&#8243; background_color=&#8221;#FFFFFF&#8221; background_enable_color=&#8221;on&#8221; border_radii=&#8221;on|22px|22px|22px|22px&#8221; border_width_all=&#8221;2px&#8221; border_color_all=&#8221;#22457c&#8221; global_colors_info=&#8221;{}&#8221; follow_button=&#8221;off&#8221; url_new_window=&#8221;on&#8221;]facebook[\/et_pb_social_media_follow_network][\/et_pb_social_media_follow][\/et_pb_column][\/et_pb_row][\/et_pb_section]\n","protected":false},"excerpt":{"rendered":"<p>Reconhecer e valorizar as pessoas \u00e9 o segredo das empresas que crescem com prop\u00f3sito.<\/p>\n","protected":false},"author":5,"featured_media":10181,"comment_status":"closed","ping_status":"closed","sticky":false,"template":"","format":"standard","meta":{"_et_pb_use_builder":"on","_et_pb_old_content":"","_et_gb_content_width":"","footnotes":""},"categories":[13],"tags":[46],"class_list":["post-10179","post","type-post","status-publish","format-standard","has-post-thumbnail","hentry","category-news","tag-comunicacao"],"yoast_head":"<!-- This site is optimized with the Yoast SEO plugin v27.5 - https:\/\/yoast.com\/product\/yoast-seo-wordpress\/ -->\n<title>Reconhecimento e valoriza\u00e7\u00e3o profissional<\/title>\n<meta name=\"description\" content=\"Reconhecer e valorizar as pessoas \u00e9 o segredo das empresas que crescem com prop\u00f3sito.\" \/>\n<meta name=\"robots\" content=\"index, follow, max-snippet:-1, max-image-preview:large, max-video-preview:-1\" \/>\n<link rel=\"canonical\" href=\"https:\/\/www.sphereit.com.br\/pt_br\/news\/reconhecimento-e-valorizacao-profissional\/\" \/>\n<meta property=\"og:locale\" content=\"pt_BR\" \/>\n<meta property=\"og:type\" content=\"article\" \/>\n<meta property=\"og:title\" content=\"Reconhecimento e valoriza\u00e7\u00e3o profissional\" \/>\n<meta property=\"og:description\" content=\"Reconhecer e valorizar as pessoas \u00e9 o segredo das empresas que crescem com prop\u00f3sito.\" \/>\n<meta property=\"og:url\" content=\"https:\/\/www.sphereit.com.br\/pt_br\/news\/reconhecimento-e-valorizacao-profissional\/\" \/>\n<meta property=\"og:site_name\" content=\"Sphereit\" \/>\n<meta property=\"article:published_time\" content=\"2025-11-13T18:58:11+00:00\" \/>\n<meta property=\"article:modified_time\" content=\"2025-12-19T23:04:55+00:00\" \/>\n<meta property=\"og:image\" content=\"https:\/\/www.sphereit.com.br\/wp-content\/uploads\/2025\/11\/BANNER-SITE_NOV_IMAGEM-DESTACADA_1200X550px-scaled.jpg\" \/>\n\t<meta property=\"og:image:width\" content=\"2560\" \/>\n\t<meta property=\"og:image:height\" content=\"1174\" \/>\n\t<meta property=\"og:image:type\" content=\"image\/jpeg\" \/>\n<meta name=\"author\" content=\"Victor Forjaz\" \/>\n<meta name=\"twitter:card\" content=\"summary_large_image\" \/>\n<meta name=\"twitter:label1\" content=\"Escrito por\" \/>\n\t<meta name=\"twitter:data1\" content=\"Victor Forjaz\" \/>\n\t<meta name=\"twitter:label2\" content=\"Est. tempo de leitura\" \/>\n\t<meta name=\"twitter:data2\" content=\"3 minutos\" \/>\n<script type=\"application\/ld+json\" class=\"yoast-schema-graph\">{\"@context\":\"https:\\\/\\\/schema.org\",\"@graph\":[{\"@type\":\"Article\",\"@id\":\"https:\\\/\\\/www.sphereit.com.br\\\/news\\\/reconhecimento-e-valorizacao-profissional\\\/#article\",\"isPartOf\":{\"@id\":\"https:\\\/\\\/www.sphereit.com.br\\\/news\\\/reconhecimento-e-valorizacao-profissional\\\/\"},\"author\":{\"name\":\"Victor Forjaz\",\"@id\":\"https:\\\/\\\/www.sphereit.com.br\\\/pt_br\\\/#\\\/schema\\\/person\\\/4fecc9d33151bd9b8a8896cb296d1d9b\"},\"headline\":\"Reconhecimento e valoriza\u00e7\u00e3o profissional\",\"datePublished\":\"2025-11-13T18:58:11+00:00\",\"dateModified\":\"2025-12-19T23:04:55+00:00\",\"mainEntityOfPage\":{\"@id\":\"https:\\\/\\\/www.sphereit.com.br\\\/news\\\/reconhecimento-e-valorizacao-profissional\\\/\"},\"wordCount\":1389,\"image\":{\"@id\":\"https:\\\/\\\/www.sphereit.com.br\\\/news\\\/reconhecimento-e-valorizacao-profissional\\\/#primaryimage\"},\"thumbnailUrl\":\"https:\\\/\\\/www.sphereit.com.br\\\/wp-content\\\/uploads\\\/2025\\\/11\\\/BANNER-SITE_NOV_IMAGEM-DESTACADA_1200X550px-scaled.jpg\",\"keywords\":[\"Comunica\u00e7\u00e3o.\"],\"articleSection\":[\"News\"],\"inLanguage\":\"pt-BR\"},{\"@type\":\"WebPage\",\"@id\":\"https:\\\/\\\/www.sphereit.com.br\\\/news\\\/reconhecimento-e-valorizacao-profissional\\\/\",\"url\":\"https:\\\/\\\/www.sphereit.com.br\\\/news\\\/reconhecimento-e-valorizacao-profissional\\\/\",\"name\":\"Reconhecimento e valoriza\u00e7\u00e3o profissional\",\"isPartOf\":{\"@id\":\"https:\\\/\\\/www.sphereit.com.br\\\/pt_br\\\/#website\"},\"primaryImageOfPage\":{\"@id\":\"https:\\\/\\\/www.sphereit.com.br\\\/news\\\/reconhecimento-e-valorizacao-profissional\\\/#primaryimage\"},\"image\":{\"@id\":\"https:\\\/\\\/www.sphereit.com.br\\\/news\\\/reconhecimento-e-valorizacao-profissional\\\/#primaryimage\"},\"thumbnailUrl\":\"https:\\\/\\\/www.sphereit.com.br\\\/wp-content\\\/uploads\\\/2025\\\/11\\\/BANNER-SITE_NOV_IMAGEM-DESTACADA_1200X550px-scaled.jpg\",\"datePublished\":\"2025-11-13T18:58:11+00:00\",\"dateModified\":\"2025-12-19T23:04:55+00:00\",\"author\":{\"@id\":\"https:\\\/\\\/www.sphereit.com.br\\\/pt_br\\\/#\\\/schema\\\/person\\\/4fecc9d33151bd9b8a8896cb296d1d9b\"},\"description\":\"Reconhecer e valorizar as pessoas \u00e9 o segredo das empresas que crescem com prop\u00f3sito.\",\"breadcrumb\":{\"@id\":\"https:\\\/\\\/www.sphereit.com.br\\\/news\\\/reconhecimento-e-valorizacao-profissional\\\/#breadcrumb\"},\"inLanguage\":\"pt-BR\",\"potentialAction\":[{\"@type\":\"ReadAction\",\"target\":[\"https:\\\/\\\/www.sphereit.com.br\\\/news\\\/reconhecimento-e-valorizacao-profissional\\\/\"]}]},{\"@type\":\"ImageObject\",\"inLanguage\":\"pt-BR\",\"@id\":\"https:\\\/\\\/www.sphereit.com.br\\\/news\\\/reconhecimento-e-valorizacao-profissional\\\/#primaryimage\",\"url\":\"https:\\\/\\\/www.sphereit.com.br\\\/wp-content\\\/uploads\\\/2025\\\/11\\\/BANNER-SITE_NOV_IMAGEM-DESTACADA_1200X550px-scaled.jpg\",\"contentUrl\":\"https:\\\/\\\/www.sphereit.com.br\\\/wp-content\\\/uploads\\\/2025\\\/11\\\/BANNER-SITE_NOV_IMAGEM-DESTACADA_1200X550px-scaled.jpg\",\"width\":2560,\"height\":1174,\"caption\":\"imagem destacada\"},{\"@type\":\"BreadcrumbList\",\"@id\":\"https:\\\/\\\/www.sphereit.com.br\\\/news\\\/reconhecimento-e-valorizacao-profissional\\\/#breadcrumb\",\"itemListElement\":[{\"@type\":\"ListItem\",\"position\":1,\"name\":\"In\u00edcio\",\"item\":\"https:\\\/\\\/www.sphereit.com.br\\\/pt_br\\\/\"},{\"@type\":\"ListItem\",\"position\":2,\"name\":\"Reconhecimento e valoriza\u00e7\u00e3o profissional\"}]},{\"@type\":\"WebSite\",\"@id\":\"https:\\\/\\\/www.sphereit.com.br\\\/pt_br\\\/#website\",\"url\":\"https:\\\/\\\/www.sphereit.com.br\\\/pt_br\\\/\",\"name\":\"Sphereit\",\"description\":\"Sphere IT Solutions\",\"potentialAction\":[{\"@type\":\"SearchAction\",\"target\":{\"@type\":\"EntryPoint\",\"urlTemplate\":\"https:\\\/\\\/www.sphereit.com.br\\\/pt_br\\\/?s={search_term_string}\"},\"query-input\":{\"@type\":\"PropertyValueSpecification\",\"valueRequired\":true,\"valueName\":\"search_term_string\"}}],\"inLanguage\":\"pt-BR\"},{\"@type\":\"Person\",\"@id\":\"https:\\\/\\\/www.sphereit.com.br\\\/pt_br\\\/#\\\/schema\\\/person\\\/4fecc9d33151bd9b8a8896cb296d1d9b\",\"name\":\"Victor Forjaz\",\"image\":{\"@type\":\"ImageObject\",\"inLanguage\":\"pt-BR\",\"@id\":\"https:\\\/\\\/secure.gravatar.com\\\/avatar\\\/422b61dacf29c33cdd97aee55dee434118ab593b8f7167ac914e4560aa85f8b1?s=96&d=mm&r=g\",\"url\":\"https:\\\/\\\/secure.gravatar.com\\\/avatar\\\/422b61dacf29c33cdd97aee55dee434118ab593b8f7167ac914e4560aa85f8b1?s=96&d=mm&r=g\",\"contentUrl\":\"https:\\\/\\\/secure.gravatar.com\\\/avatar\\\/422b61dacf29c33cdd97aee55dee434118ab593b8f7167ac914e4560aa85f8b1?s=96&d=mm&r=g\",\"caption\":\"Victor Forjaz\"}}]}<\/script>\n<!-- \/ Yoast SEO plugin. -->","yoast_head_json":{"title":"Reconhecimento e valoriza\u00e7\u00e3o profissional","description":"Reconhecer e valorizar as pessoas \u00e9 o segredo das empresas que crescem com prop\u00f3sito.","robots":{"index":"index","follow":"follow","max-snippet":"max-snippet:-1","max-image-preview":"max-image-preview:large","max-video-preview":"max-video-preview:-1"},"canonical":"https:\/\/www.sphereit.com.br\/pt_br\/news\/reconhecimento-e-valorizacao-profissional\/","og_locale":"pt_BR","og_type":"article","og_title":"Reconhecimento e valoriza\u00e7\u00e3o profissional","og_description":"Reconhecer e valorizar as pessoas \u00e9 o segredo das empresas que crescem com prop\u00f3sito.","og_url":"https:\/\/www.sphereit.com.br\/pt_br\/news\/reconhecimento-e-valorizacao-profissional\/","og_site_name":"Sphereit","article_published_time":"2025-11-13T18:58:11+00:00","article_modified_time":"2025-12-19T23:04:55+00:00","og_image":[{"width":2560,"height":1174,"url":"https:\/\/www.sphereit.com.br\/wp-content\/uploads\/2025\/11\/BANNER-SITE_NOV_IMAGEM-DESTACADA_1200X550px-scaled.jpg","type":"image\/jpeg"}],"author":"Victor Forjaz","twitter_card":"summary_large_image","twitter_misc":{"Escrito por":"Victor Forjaz","Est. tempo de leitura":"3 minutos"},"schema":{"@context":"https:\/\/schema.org","@graph":[{"@type":"Article","@id":"https:\/\/www.sphereit.com.br\/news\/reconhecimento-e-valorizacao-profissional\/#article","isPartOf":{"@id":"https:\/\/www.sphereit.com.br\/news\/reconhecimento-e-valorizacao-profissional\/"},"author":{"name":"Victor Forjaz","@id":"https:\/\/www.sphereit.com.br\/pt_br\/#\/schema\/person\/4fecc9d33151bd9b8a8896cb296d1d9b"},"headline":"Reconhecimento e valoriza\u00e7\u00e3o profissional","datePublished":"2025-11-13T18:58:11+00:00","dateModified":"2025-12-19T23:04:55+00:00","mainEntityOfPage":{"@id":"https:\/\/www.sphereit.com.br\/news\/reconhecimento-e-valorizacao-profissional\/"},"wordCount":1389,"image":{"@id":"https:\/\/www.sphereit.com.br\/news\/reconhecimento-e-valorizacao-profissional\/#primaryimage"},"thumbnailUrl":"https:\/\/www.sphereit.com.br\/wp-content\/uploads\/2025\/11\/BANNER-SITE_NOV_IMAGEM-DESTACADA_1200X550px-scaled.jpg","keywords":["Comunica\u00e7\u00e3o."],"articleSection":["News"],"inLanguage":"pt-BR"},{"@type":"WebPage","@id":"https:\/\/www.sphereit.com.br\/news\/reconhecimento-e-valorizacao-profissional\/","url":"https:\/\/www.sphereit.com.br\/news\/reconhecimento-e-valorizacao-profissional\/","name":"Reconhecimento e valoriza\u00e7\u00e3o profissional","isPartOf":{"@id":"https:\/\/www.sphereit.com.br\/pt_br\/#website"},"primaryImageOfPage":{"@id":"https:\/\/www.sphereit.com.br\/news\/reconhecimento-e-valorizacao-profissional\/#primaryimage"},"image":{"@id":"https:\/\/www.sphereit.com.br\/news\/reconhecimento-e-valorizacao-profissional\/#primaryimage"},"thumbnailUrl":"https:\/\/www.sphereit.com.br\/wp-content\/uploads\/2025\/11\/BANNER-SITE_NOV_IMAGEM-DESTACADA_1200X550px-scaled.jpg","datePublished":"2025-11-13T18:58:11+00:00","dateModified":"2025-12-19T23:04:55+00:00","author":{"@id":"https:\/\/www.sphereit.com.br\/pt_br\/#\/schema\/person\/4fecc9d33151bd9b8a8896cb296d1d9b"},"description":"Reconhecer e valorizar as pessoas \u00e9 o segredo das empresas que crescem com prop\u00f3sito.","breadcrumb":{"@id":"https:\/\/www.sphereit.com.br\/news\/reconhecimento-e-valorizacao-profissional\/#breadcrumb"},"inLanguage":"pt-BR","potentialAction":[{"@type":"ReadAction","target":["https:\/\/www.sphereit.com.br\/news\/reconhecimento-e-valorizacao-profissional\/"]}]},{"@type":"ImageObject","inLanguage":"pt-BR","@id":"https:\/\/www.sphereit.com.br\/news\/reconhecimento-e-valorizacao-profissional\/#primaryimage","url":"https:\/\/www.sphereit.com.br\/wp-content\/uploads\/2025\/11\/BANNER-SITE_NOV_IMAGEM-DESTACADA_1200X550px-scaled.jpg","contentUrl":"https:\/\/www.sphereit.com.br\/wp-content\/uploads\/2025\/11\/BANNER-SITE_NOV_IMAGEM-DESTACADA_1200X550px-scaled.jpg","width":2560,"height":1174,"caption":"imagem destacada"},{"@type":"BreadcrumbList","@id":"https:\/\/www.sphereit.com.br\/news\/reconhecimento-e-valorizacao-profissional\/#breadcrumb","itemListElement":[{"@type":"ListItem","position":1,"name":"In\u00edcio","item":"https:\/\/www.sphereit.com.br\/pt_br\/"},{"@type":"ListItem","position":2,"name":"Reconhecimento e valoriza\u00e7\u00e3o profissional"}]},{"@type":"WebSite","@id":"https:\/\/www.sphereit.com.br\/pt_br\/#website","url":"https:\/\/www.sphereit.com.br\/pt_br\/","name":"Sphereit","description":"Sphere IT Solutions","potentialAction":[{"@type":"SearchAction","target":{"@type":"EntryPoint","urlTemplate":"https:\/\/www.sphereit.com.br\/pt_br\/?s={search_term_string}"},"query-input":{"@type":"PropertyValueSpecification","valueRequired":true,"valueName":"search_term_string"}}],"inLanguage":"pt-BR"},{"@type":"Person","@id":"https:\/\/www.sphereit.com.br\/pt_br\/#\/schema\/person\/4fecc9d33151bd9b8a8896cb296d1d9b","name":"Victor Forjaz","image":{"@type":"ImageObject","inLanguage":"pt-BR","@id":"https:\/\/secure.gravatar.com\/avatar\/422b61dacf29c33cdd97aee55dee434118ab593b8f7167ac914e4560aa85f8b1?s=96&d=mm&r=g","url":"https:\/\/secure.gravatar.com\/avatar\/422b61dacf29c33cdd97aee55dee434118ab593b8f7167ac914e4560aa85f8b1?s=96&d=mm&r=g","contentUrl":"https:\/\/secure.gravatar.com\/avatar\/422b61dacf29c33cdd97aee55dee434118ab593b8f7167ac914e4560aa85f8b1?s=96&d=mm&r=g","caption":"Victor Forjaz"}}]}},"_links":{"self":[{"href":"https:\/\/www.sphereit.com.br\/pt_br\/wp-json\/wp\/v2\/posts\/10179","targetHints":{"allow":["GET"]}}],"collection":[{"href":"https:\/\/www.sphereit.com.br\/pt_br\/wp-json\/wp\/v2\/posts"}],"about":[{"href":"https:\/\/www.sphereit.com.br\/pt_br\/wp-json\/wp\/v2\/types\/post"}],"author":[{"embeddable":true,"href":"https:\/\/www.sphereit.com.br\/pt_br\/wp-json\/wp\/v2\/users\/5"}],"replies":[{"embeddable":true,"href":"https:\/\/www.sphereit.com.br\/pt_br\/wp-json\/wp\/v2\/comments?post=10179"}],"version-history":[{"count":10,"href":"https:\/\/www.sphereit.com.br\/pt_br\/wp-json\/wp\/v2\/posts\/10179\/revisions"}],"predecessor-version":[{"id":10213,"href":"https:\/\/www.sphereit.com.br\/pt_br\/wp-json\/wp\/v2\/posts\/10179\/revisions\/10213"}],"wp:featuredmedia":[{"embeddable":true,"href":"https:\/\/www.sphereit.com.br\/pt_br\/wp-json\/wp\/v2\/media\/10181"}],"wp:attachment":[{"href":"https:\/\/www.sphereit.com.br\/pt_br\/wp-json\/wp\/v2\/media?parent=10179"}],"wp:term":[{"taxonomy":"category","embeddable":true,"href":"https:\/\/www.sphereit.com.br\/pt_br\/wp-json\/wp\/v2\/categories?post=10179"},{"taxonomy":"post_tag","embeddable":true,"href":"https:\/\/www.sphereit.com.br\/pt_br\/wp-json\/wp\/v2\/tags?post=10179"}],"curies":[{"name":"wp","href":"https:\/\/api.w.org\/{rel}","templated":true}]}}